{"id":7880,"date":"2018-01-11T12:00:56","date_gmt":"2018-01-11T14:00:56","guid":{"rendered":"https:\/\/blogs.correiobraziliense.com.br\/servidor\/?p=7880"},"modified":"2018-01-11T12:00:56","modified_gmt":"2018-01-11T14:00:56","slug":"23-mil-cargos-extintos-ainda-estao-ocupados","status":"publish","type":"post","link":"https:\/\/blogs.correiobraziliense.com.br\/servidor\/23-mil-cargos-extintos-ainda-estao-ocupados\/","title":{"rendered":"23 mil cargos extintos ainda est\u00e3o ocupados"},"content":{"rendered":"<p><em>&#8220;Os cargos poderiam ser remanejados para outros que surgiram no processo de atualiza\u00e7\u00e3o do ensino, em\u00a0\u00e1reas de atua\u00e7\u00e3o modernas, como\u00a0cinema, agronomia ou atendimento, por exemplo. Pelo fato de a profiss\u00e3o de digitador\u00a0n\u00e3o ter\u00a0mais sentido, n\u00e3o significa\u00a0que sua\u00a0vaga tem que ser extinta nesse\u00a0momento de extrema falta de administrativos nas universidades\u201d, explica\u00a0Alexandre Galv\u00e3o, secret\u00e1rio-geral do Sindicato Nacional dos Docentes de Ensino Superior (Andes)<\/em><\/p>\n<p>Dos 60.923 cargos obsoletos ou inadequados \u00e0s atuais e futuras necessidades da administra\u00e7\u00e3o p\u00fablica, extintos pelo Decreto n\u00ba 9.262 do presidente Michel Temer, 37.872 est\u00e3o vagos e 23.051, que representam 6% do quadro de pessoal do Poder Executivo (635 mil servidores ativos), ocupados, segundo levantamento do Minist\u00e9rio do Planejamento (MPOG). O crit\u00e9rio para acabar com eles foi a\u00a0falta de correspond\u00eancia com a realidade do trabalho contempor\u00e2neo.\u00a0\u201cConstam\u00a0tamb\u00e9m cargos cujas atividades passaram a ser realizadas pela contrata\u00e7\u00e3o indireta de servi\u00e7os\u201d, destaca a nota do MPOG.<\/p>\n<p>Para F\u00e1bio Klein, especialista em contas p\u00fablicas da Consultoria Tend\u00eancias, \u201co movimento de limpeza era esperado e a terceiriza\u00e7\u00e3o das atividades-meio de baixa escolaridade \u00e9 o caminho natural\u201d, porque o servi\u00e7o p\u00fablico \u00e9 engessado. \u201cSe algu\u00e9m fez um concurso para a fun\u00e7\u00e3o espec\u00edfica de copeiro, por exemplo, n\u00e3o pode ser aproveitado em outro cargo. Com a m\u00e1quina de caf\u00e9, o copeiro perdeu a utilidade. Assim, o governo ganhou a possibilidade de criar uma despesa, que n\u00e3o \u00e9 a de pessoal, para suprir necessidades\u201d, explica. No entender do economista Gil Castello Branco, secret\u00e1rio- geral da Associa\u00e7\u00e3o Contas Abertas, a an\u00e1lise do impacto da extin\u00e7\u00e3o de cargos requer cautela.<\/p>\n<p>Castello Branco destaca que, quando o governo faz um an\u00fancio dessa natureza, causa nos leigos a sensa\u00e7\u00e3o de que houve um enorme enxugamento da m\u00e1quina p\u00fablica e redu\u00e7\u00e3o do tamanho do Estado. \u201cO que n\u00e3o \u00e9 verdade. Nada mudou. Ainda existem mais de 100 mil cargos, fun\u00e7\u00f5es comissionadas e gratifica\u00e7\u00f5es ocupadas\u201d, assinala. No Painel Estat\u00edstico de Pessoal, de novembro de 2017, aponta, constam 33.658 fun\u00e7\u00f5es comissionadas (incluindo o governo do Distrito Federal) e 66.725 fun\u00e7\u00f5es e gratifica\u00e7\u00f5es t\u00e9cnicas. \u201cOs custos continuam altos. Os n\u00fameros do Decreto devem ser vistos com reserva\u201d.<\/p>\n<p><strong>Economia<\/strong><\/p>\n<p>Para os servidores, a medida, sem qualquer impacto financeiro de curto ou m\u00e9dio prazos, \u201cchama a aten\u00e7\u00e3o para o que n\u00e3o existe\u201d, destacou Sergio Ronaldo da Silva, secret\u00e1rio-geral da Confedera\u00e7\u00e3o Nacional dos Trabalhadores no Servi\u00e7o Federal (Condsef). \u201cO que parece ser uma economia, vai abrir espa\u00e7o para apadrinhamento. O pr\u00f3prio governo admitiu que o processo de terceiriza\u00e7\u00e3o perdeu o freio na Esplanada\u201d, salienta. Especialistas contratados por entidades sindicais calculam que se os 23.051 mil administrativos, que ganham em in\u00edcio de carreira R$ 2 mil, fossem mantidos, o custo anual com eles seria de R$ 598,8 mil anuais.<\/p>\n<p>Se o governo contratar a mesma quantidade em terceirizados pelo sal\u00e1rio m\u00ednimo, gastaria R$ 285,6 mil por ano, uma economia de R$ 52,3%, ou menos R$ 313,1 mil. \u201cMas isso n\u00e3o resolve. Teremos poucos concursados e mais indica\u00e7\u00f5es pol\u00edticas\u201d, afirmou Alexandre Galv\u00e3o, secret\u00e1rio-geral do Sindicato Nacional dos Docentes de Ensino Superior (Andes). Para ele, o que aparentemente \u00e9 um corte de m\u00e3o de obra sem consequ\u00eancias, \u00e9 uma manobra disfar\u00e7ada da lei do teto dos gastos.<\/p>\n<p>\u201cUma redu\u00e7\u00e3o que prejudica as atividades de pesquisa e extens\u00e3o. Os cargos poderiam ser remanejados para outros que surgiram no processo de atualiza\u00e7\u00e3o do ensino, em \u00e1reas de atua\u00e7\u00e3o modernas, como cinema, agronomia ou atendimento, por exemplo. Pelo fato de a profiss\u00e3o de digitador n\u00e3o ter mais sentido, n\u00e3o significa que sua vaga tem que ser extinta nesse momento de extrema falta de administrativos nas universidades\u201d, explica Galv\u00e3o.<\/p>\n<p>Em rela\u00e7\u00e3o \u00e0s poss\u00edveis economias futuras com a medida, o MPOG informou que a an\u00e1lise que apoiou a medida foi feita com base nos cargos e suas atribui\u00e7\u00f5es e n\u00e3o no perfil dos ocupantes.\u00a0\u201cPortanto n\u00e3o h\u00e1 dados dispon\u00edveis, no momento, para as quest\u00f5es relacionadas a custo. E sobre o tema terceiriza\u00e7\u00e3o, apesar da declara\u00e7\u00e3o p\u00fablica de \u201ccontrata\u00e7\u00e3o indireta de servi\u00e7os\u201d, a assessoria de imprensa informa que \u201cn\u00e3o fez parte do escopo do trabalho que culminou no Decreto\u201d.<\/p>\n","protected":false},"excerpt":{"rendered":"<p>&#8220;Os cargos poderiam ser remanejados para outros que surgiram no processo de atualiza\u00e7\u00e3o do ensino, em\u00a0\u00e1reas de atua\u00e7\u00e3o modernas, como\u00a0cinema, agronomia ou atendimento, por exemplo. Pelo fato de a profiss\u00e3o de digitador\u00a0n\u00e3o ter\u00a0mais sentido, n\u00e3o significa\u00a0que sua\u00a0vaga tem que ser extinta nesse\u00a0momento de extrema falta de administrativos nas universidades\u201d, explica\u00a0Alexandre Galv\u00e3o, secret\u00e1rio-geral do Sindicato Nacional dos Docentes de Ensino Superior [&hellip;]<\/p>\n","protected":false},"author":27,"featured_media":0,"comment_status":"open","ping_status":"closed","sticky":false,"template":"","format":"standard","meta":{"footnotes":""},"categories":[2719],"tags":[1191,1055,10556,6208,4775,551,1193,981,791,10555,644,3172,172,5472,2396,10558,88,1296,4060,10557,3004,2474,7661,2421,339,8298,10528,1413,1157,7536,147,569,10554,58,6012,421],"class_list":["post-7880","post","type-post","status-publish","format-standard","hentry","category-servidor","tag-administracao","tag-administrativos","tag-agronomia","tag-andes","tag-areas","tag-atendimento","tag-atuacao","tag-atualizacao","tag-cargos","tag-cinema","tag-comissionados","tag-confianca","tag-contratacao","tag-criterio","tag-das","tag-decreto-9-2622017","tag-economia","tag-ensino","tag-extintos","tag-inadequados","tag-indireta","tag-michel-temer","tag-modernas","tag-mpog","tag-necessidades","tag-obsoletos","tag-ocupados","tag-poder-executivo","tag-processo","tag-profissao","tag-publica","tag-realidade","tag-remanejados","tag-servidores","tag-universidades","tag-vaga"],"_links":{"self":[{"href":"https:\/\/blogs.correiobraziliense.com.br\/servidor\/wp-json\/wp\/v2\/posts\/7880","targetHints":{"allow":["GET"]}}],"collection":[{"href":"https:\/\/blogs.correiobraziliense.com.br\/servidor\/wp-json\/wp\/v2\/posts"}],"about":[{"href":"https:\/\/blogs.correiobraziliense.com.br\/servidor\/wp-json\/wp\/v2\/types\/post"}],"author":[{"embeddable":true,"href":"https:\/\/blogs.correiobraziliense.com.br\/servidor\/wp-json\/wp\/v2\/users\/27"}],"replies":[{"embeddable":true,"href":"https:\/\/blogs.correiobraziliense.com.br\/servidor\/wp-json\/wp\/v2\/comments?post=7880"}],"version-history":[{"count":1,"href":"https:\/\/blogs.correiobraziliense.com.br\/servidor\/wp-json\/wp\/v2\/posts\/7880\/revisions"}],"predecessor-version":[{"id":7881,"href":"https:\/\/blogs.correiobraziliense.com.br\/servidor\/wp-json\/wp\/v2\/posts\/7880\/revisions\/7881"}],"wp:attachment":[{"href":"https:\/\/blogs.correiobraziliense.com.br\/servidor\/wp-json\/wp\/v2\/media?parent=7880"}],"wp:term":[{"taxonomy":"category","embeddable":true,"href":"https:\/\/blogs.correiobraziliense.com.br\/servidor\/wp-json\/wp\/v2\/categories?post=7880"},{"taxonomy":"post_tag","embeddable":true,"href":"https:\/\/blogs.correiobraziliense.com.br\/servidor\/wp-json\/wp\/v2\/tags?post=7880"}],"curies":[{"name":"wp","href":"https:\/\/api.w.org\/{rel}","templated":true}]}}