{"id":7869,"date":"2018-01-10T12:08:48","date_gmt":"2018-01-10T14:08:48","guid":{"rendered":"https:\/\/blogs.correiobraziliense.com.br\/servidor\/?p=7869"},"modified":"2018-01-10T12:08:48","modified_gmt":"2018-01-10T14:08:48","slug":"planejamento-detalha-decreto-que-extingue-61-mil-cargos-publicos-obsoletos","status":"publish","type":"post","link":"https:\/\/blogs.correiobraziliense.com.br\/servidor\/planejamento-detalha-decreto-que-extingue-61-mil-cargos-publicos-obsoletos\/","title":{"rendered":"Planejamento detalha decreto que extingue 61 mil cargos p\u00fablicos obsoletos"},"content":{"rendered":"<p><em>Moderniza\u00e7\u00e3o se aplica a cargos efetivos, vagos e que vierem a vagar<\/em><\/p>\n<p>Veja a nota do Minist\u00e9rio do Planejameento:<\/p>\n<p>&#8220;Por meio do\u00a0<strong><a href=\"http:\/\/pesquisa.in.gov.br\/imprensa\/jsp\/visualiza\/index.jsp?data=10\/01\/2018&amp;jornal=515&amp;pagina=5&amp;totalArquivos=76\">Decreto n\u00ba 9.262\u200b<\/a><\/strong>, publicado hoje (10), no Di\u00e1rio Oficial da Uni\u00e3o, o governo autorizou a extin\u00e7\u00e3o de 60.923 cargos p\u00fablicos da estrutura dos \u00f3rg\u00e3os e entidades do Executivo Federal. A iniciativa contribui para tornar\u00a0a\u00a0arquitetura de cargos e carreiras mais adequada \u00e0s necessidades atuais e futuras da administra\u00e7\u00e3o p\u00fablica.<\/p>\n<p>Telefonista, editor de v\u00eddeo tape, assistente de som, datil\u00f3grafo e digitador s\u00e3o alguns dos cargos efetivos avaliados\u00a0hoje\u00a0como\u00a0obsoletos ou inadequados para\u00a0atua\u00e7\u00e3o\u00a0do servi\u00e7o p\u00fablico.<\/p>\n<p>Conforme levantamento realizado pelo Minist\u00e9rio do Planejamento, Desenvolvimento e Gest\u00e3o (MP), do total de cargos a serem extintos, 37.872 est\u00e3o vagos. Os demais 23.051 ainda ocupados por servidores (6% do quadro de pessoal), ser\u00e3o extintos \u00e0 medida\u00a0que vagarem. Os \u00f3rg\u00e3os federais contam atualmente com 635 mil servidores, de acordo com o Painel Estat\u00edstico de Pessoal (PEP).<\/p>\n<p>Para Augusto Chiba, secret\u00e1rio de Gest\u00e3o de Pessoas do MP, \u201co decreto \u00e9 um passo importante para uma melhor organiza\u00e7\u00e3o dos quadros de pessoal hoje existentes e contribui para a modernidade do servi\u00e7o p\u00fablico\u201d.<\/p>\n<p><strong>Abrang\u00eancia dos cortes<\/strong><\/p>\n<p>A medida abrange cargos com exig\u00eancia de escolaridade\u00a0\u200bpara\u00a0ingresso de at\u00e9 ensino fundamental, voltados a\u00a0atividades acess\u00f3rias, de natureza operacional e de baixo n\u00edvel de complexidade que hoje, quando necess\u00e1rias, s\u00e3o realizadas preferencialmente por execu\u00e7\u00e3o indireta. A medida abrange tamb\u00e9m cargos cuja exig\u00eancia de escolaridade de ingresso \u00e9 de ensino m\u00e9dio, pertencentes a diferentes planos e carreiras da Administra\u00e7\u00e3o P\u00fablica Federal (APF) e abrange ainda outros cargos cuja exig\u00eancia de escolaridade de ingresso \u00e9 de ensino m\u00e9dio e superior, pertencentes a quadros de pessoal espec\u00edficos da APF. Al\u00e9m disso, ser\u00e3o tamb\u00e9m extintos cargos\u00a0com\u00a0quantitativos excessivos.<\/p>\n<p><strong>Crit\u00e9rios considerados<\/strong><\/p>\n<p>A identifica\u00e7\u00e3o dos\u00a0cargos\u00a0descritos no decreto\u00a0levou em\u00a0conta sua\u00a0falta de correspond\u00eancia com a realidade do trabalho contempor\u00e2neo, como nos casos dos cargos de datil\u00f3grafos e digitadores.\u00a0Constam\u00a0tamb\u00e9m cargos cujas atividades passaram a ser realizadas pela contrata\u00e7\u00e3o indireta de servi\u00e7os, o que se aplica, por exemplo, a\u00a0motoristas e telefonistas.&#8221;<\/p>\n","protected":false},"excerpt":{"rendered":"<p>Moderniza\u00e7\u00e3o se aplica a cargos efetivos, vagos e que vierem a vagar Veja a nota do Minist\u00e9rio do Planejameento: &#8220;Por meio do\u00a0Decreto n\u00ba 9.262\u200b, publicado hoje (10), no Di\u00e1rio Oficial da Uni\u00e3o, o governo autorizou a extin\u00e7\u00e3o de 60.923 cargos p\u00fablicos da estrutura dos \u00f3rg\u00e3os e entidades do Executivo Federal. A iniciativa contribui para tornar\u00a0a\u00a0arquitetura de cargos e carreiras mais [&hellip;]<\/p>\n","protected":false},"author":27,"featured_media":0,"comment_status":"open","ping_status":"closed","sticky":false,"template":"","format":"standard","meta":{"footnotes":""},"categories":[2719],"tags":[6746,9952,791,2395,1172,10527,1769,2940,10529,9,9728,1587,1586,141,4946,8298,10528,24,2304,5267],"class_list":["post-7869","post","type-post","status-publish","format-standard","hentry","category-servidor","tag-adequada","tag-arquitetura","tag-cargos","tag-cortes","tag-decreto","tag-decreto-no-9-262","tag-dou","tag-efetivos","tag-escoladirade","tag-executivo","tag-extingue","tag-fundamental","tag-medio","tag-ministerio-do-planejamento","tag-modernizacao","tag-obsoletos","tag-ocupados","tag-publicos","tag-superior","tag-vagos"],"_links":{"self":[{"href":"https:\/\/blogs.correiobraziliense.com.br\/servidor\/wp-json\/wp\/v2\/posts\/7869","targetHints":{"allow":["GET"]}}],"collection":[{"href":"https:\/\/blogs.correiobraziliense.com.br\/servidor\/wp-json\/wp\/v2\/posts"}],"about":[{"href":"https:\/\/blogs.correiobraziliense.com.br\/servidor\/wp-json\/wp\/v2\/types\/post"}],"author":[{"embeddable":true,"href":"https:\/\/blogs.correiobraziliense.com.br\/servidor\/wp-json\/wp\/v2\/users\/27"}],"replies":[{"embeddable":true,"href":"https:\/\/blogs.correiobraziliense.com.br\/servidor\/wp-json\/wp\/v2\/comments?post=7869"}],"version-history":[{"count":1,"href":"https:\/\/blogs.correiobraziliense.com.br\/servidor\/wp-json\/wp\/v2\/posts\/7869\/revisions"}],"predecessor-version":[{"id":7870,"href":"https:\/\/blogs.correiobraziliense.com.br\/servidor\/wp-json\/wp\/v2\/posts\/7869\/revisions\/7870"}],"wp:attachment":[{"href":"https:\/\/blogs.correiobraziliense.com.br\/servidor\/wp-json\/wp\/v2\/media?parent=7869"}],"wp:term":[{"taxonomy":"category","embeddable":true,"href":"https:\/\/blogs.correiobraziliense.com.br\/servidor\/wp-json\/wp\/v2\/categories?post=7869"},{"taxonomy":"post_tag","embeddable":true,"href":"https:\/\/blogs.correiobraziliense.com.br\/servidor\/wp-json\/wp\/v2\/tags?post=7869"}],"curies":[{"name":"wp","href":"https:\/\/api.w.org\/{rel}","templated":true}]}}