{"id":7861,"date":"2018-01-09T17:19:54","date_gmt":"2018-01-09T19:19:54","guid":{"rendered":"https:\/\/blogs.correiobraziliense.com.br\/servidor\/?p=7861"},"modified":"2018-01-09T17:19:54","modified_gmt":"2018-01-09T19:19:54","slug":"cvm-lanca-curso-para-professores-universitarios","status":"publish","type":"post","link":"https:\/\/blogs.correiobraziliense.com.br\/servidor\/cvm-lanca-curso-para-professores-universitarios\/","title":{"rendered":"CVM lan\u00e7a curso para professores universit\u00e1rios"},"content":{"rendered":"<p style=\"text-align: left\" align=\"center\"><em>Inscri\u00e7\u00f5es abertas at\u00e9 19 de janeiro.\u00a0As palestras acontecer\u00e3o de 29 de janeiro a 2 de fevereiro, na B3 Educa\u00e7\u00e3o, em S\u00e3o Paulo.<\/em><\/p>\n<p style=\"text-align: left\">Para auxiliar docentes universit\u00e1rios que j\u00e1 lecionam disciplinas sobre o mercado de capitais, o Comit\u00ea Consultivo de Educa\u00e7\u00e3o da Comiss\u00e3o de Valores Mobili\u00e1rios (CVM) far\u00e1 a\u00a019\u00aa edi\u00e7\u00e3o do Programa TOP de treinamento de Professores. As palestras acontecer\u00e3o de 29 de janeiro a 2 de fevereiro, na B3 Educa\u00e7\u00e3o, em S\u00e3o Paulo.<\/p>\n<p style=\"text-align: left\">O curso, de acordo com a CVM, busca contribuir para o desenvolvimento de multiplicadores, que repassam as informa\u00e7\u00f5es recebidas no Programa aos alunos. Dessa forma, o Treinamento TOP de Professores permite aliar teoria e pr\u00e1tica, a partir da vis\u00e3o de operadores e institui\u00e7\u00f5es, possibilitando a atualiza\u00e7\u00e3o de docentes em conte\u00fados referentes ao mercado de capitais.<\/p>\n<p style=\"text-align: left\"><strong>Inscri\u00e7\u00f5es<\/strong><br \/>\nOs interessados poder\u00e3o se inscrever at\u00e9\u00a019 de janeiro\u00a0pelo<a href=\"https:\/\/docs.google.com\/forms\/d\/e\/1FAIpQLSdw7MBSXFSdaYDhXIf4XWdUSr6PGfvJsRUpzUx6huw1fQjiLA\/viewform?c=0&amp;w=1\" target=\"_blank\">\u00a0site do Comit\u00ea Consultivo de Educa\u00e7\u00e3o<\/a>. Basta preencher o formul\u00e1rio.<\/p>\n<p style=\"text-align: left\">\n<strong>Sobre o Comit\u00ea Consultivo de Educa\u00e7\u00e3o<\/strong><br \/>\nAtualmente, comp\u00f5em o Comit\u00ea Consultivo de Educa\u00e7\u00e3o: CVM, ABRASCA, ANBIMA, ANCORD, APIMEC, B3, IBGC e IBRI. O objetivo principal \u00e9 apoiar projetos educacionais que contribuam para a melhoria dos padr\u00f5es de educa\u00e7\u00e3o financeira da popula\u00e7\u00e3o brasileira.<\/p>\n","protected":false},"excerpt":{"rendered":"<p>Inscri\u00e7\u00f5es abertas at\u00e9 19 de janeiro.\u00a0As palestras acontecer\u00e3o de 29 de janeiro a 2 de fevereiro, na B3 Educa\u00e7\u00e3o, em S\u00e3o Paulo. Para auxiliar docentes universit\u00e1rios que j\u00e1 lecionam disciplinas sobre o mercado de capitais, o Comit\u00ea Consultivo de Educa\u00e7\u00e3o da Comiss\u00e3o de Valores Mobili\u00e1rios (CVM) far\u00e1 a\u00a019\u00aa edi\u00e7\u00e3o do Programa TOP de treinamento de Professores. As palestras acontecer\u00e3o de [&hellip;]<\/p>\n","protected":false},"author":27,"featured_media":0,"comment_status":"open","ping_status":"closed","sticky":false,"template":"","format":"standard","meta":{"footnotes":""},"categories":[2719],"tags":[1442,981,5795,3331,1076,215,10512,1449,48,781,489,10513,10515,3779,1187,2976,10514,5233],"class_list":["post-7861","post","type-post","status-publish","format-standard","hentry","category-servidor","tag-alunos","tag-atualizacao","tag-b3","tag-capitais","tag-curso","tag-cvm","tag-disciplinas","tag-docentes","tag-educacao","tag-inscricoes","tag-mercado","tag-multiplicadores","tag-operadores","tag-palestras","tag-pratica","tag-professores","tag-teoria","tag-universitarios"],"_links":{"self":[{"href":"https:\/\/blogs.correiobraziliense.com.br\/servidor\/wp-json\/wp\/v2\/posts\/7861","targetHints":{"allow":["GET"]}}],"collection":[{"href":"https:\/\/blogs.correiobraziliense.com.br\/servidor\/wp-json\/wp\/v2\/posts"}],"about":[{"href":"https:\/\/blogs.correiobraziliense.com.br\/servidor\/wp-json\/wp\/v2\/types\/post"}],"author":[{"embeddable":true,"href":"https:\/\/blogs.correiobraziliense.com.br\/servidor\/wp-json\/wp\/v2\/users\/27"}],"replies":[{"embeddable":true,"href":"https:\/\/blogs.correiobraziliense.com.br\/servidor\/wp-json\/wp\/v2\/comments?post=7861"}],"version-history":[{"count":1,"href":"https:\/\/blogs.correiobraziliense.com.br\/servidor\/wp-json\/wp\/v2\/posts\/7861\/revisions"}],"predecessor-version":[{"id":7862,"href":"https:\/\/blogs.correiobraziliense.com.br\/servidor\/wp-json\/wp\/v2\/posts\/7861\/revisions\/7862"}],"wp:attachment":[{"href":"https:\/\/blogs.correiobraziliense.com.br\/servidor\/wp-json\/wp\/v2\/media?parent=7861"}],"wp:term":[{"taxonomy":"category","embeddable":true,"href":"https:\/\/blogs.correiobraziliense.com.br\/servidor\/wp-json\/wp\/v2\/categories?post=7861"},{"taxonomy":"post_tag","embeddable":true,"href":"https:\/\/blogs.correiobraziliense.com.br\/servidor\/wp-json\/wp\/v2\/tags?post=7861"}],"curies":[{"name":"wp","href":"https:\/\/api.w.org\/{rel}","templated":true}]}}