{"id":7838,"date":"2018-01-04T12:10:48","date_gmt":"2018-01-04T14:10:48","guid":{"rendered":"https:\/\/blogs.correiobraziliense.com.br\/servidor\/?p=7838"},"modified":"2018-01-04T12:10:48","modified_gmt":"2018-01-04T14:10:48","slug":"suspensao-de-venda-de-pescado-para-ue-poderia-ter-sido-evitada","status":"publish","type":"post","link":"https:\/\/blogs.correiobraziliense.com.br\/servidor\/suspensao-de-venda-de-pescado-para-ue-poderia-ter-sido-evitada\/","title":{"rendered":"Suspens\u00e3o de venda de pescado para UE poderia ter sido evitada"},"content":{"rendered":"<p><em>Brasil demora para se adequar \u00e0s regras internacionais &#8211; especialmente aos padr\u00f5es de higiene &#8211; que v\u00eam sendo discutidas desde 2004. Inmetro vai definir processo de certifica\u00e7\u00f5es de embarca\u00e7\u00f5es e atracadouros, que j\u00e1 deveria ter sido feito h\u00e1 mais de 13 anos. At\u00e9 abril ou maio, no m\u00e1ximo,\u00a0a situa\u00e7\u00e3o j\u00e1 deve estar resolvida e a ind\u00fastria da pesca dever\u00e1 voltar a exportar<\/em><\/p>\n<p>O Instituto Nacional de Metrologia, Qualidade e Tecnologia (Inmetro) vai definir o processo de certifica\u00e7\u00f5es de embarca\u00e7\u00f5es e atracadouros brasileiros de pescados e produtos de pesca no pa\u00eds. A medida \u00e9 em resposta a auditoria da Uni\u00e3o Europeia (UE), em setembro de 2017, que identificou uma s\u00e9rie de irregularidades, principalmente sanit\u00e1rias. Com isso, o Minist\u00e9rio da Agricultura, Pecu\u00e1ria e Abastecimento (Mapa) foi obrigado a suspender as exporta\u00e7\u00f5es para a regi\u00e3o. A interrup\u00e7\u00e3o entrou ontem em vigor. O presidente do Inmetro, Carlos Augusto de Azevedo, se reuniu, em Bras\u00edlia, com o secret\u00e1rio interino de Defesa Agropecu\u00e1ria do Mapa, Jorge Caetano, para os primeiros ajustes. Segundo Azevedo, a suspens\u00e3o poderia ter sido evitada se o Brasil tivesse se adequado \u00e0s normas internacionais e \u00e0s exig\u00eancias que v\u00eam sendo feitas h\u00e1 mais de 13 anos aos produtores brasileiros.<\/p>\n<p>\u201cO Brasil tomou a atitude correta, para evitar uma suspens\u00e3o unilateral da UE, o que seria grave. O assunto, no entanto, vem sendo tratado desde 2004. A adequa\u00e7\u00e3o acontece em uma escala muito lenta, como \u00e9 de praxe na cultura brasileira. Chegou um momento que o Mapa teve que tomar uma atitude dr\u00e1stica\u201d, explicou Azevedo. Ele cr\u00ea que at\u00e9 abril ou maio, no m\u00e1ximo, a situa\u00e7\u00e3o j\u00e1 deve estar resolvida. Para isso, a ind\u00fastria da pesca (tanto de captura quanto de cativeiro) vai ter que atender os padr\u00f5es europeus de higiene e de combate \u00e0 contamina\u00e7\u00e3o, ter certifica\u00e7\u00e3o de origem e de rastreabilidade, entre outras imposi\u00e7\u00f5es. Nem o Mapa nem o Inmetro t\u00eam os c\u00e1lculos do impacto financeiro desse estancamento de 3 ou 4 meses para as empresas que operam 3 mil embarca\u00e7\u00f5es e empregam cerca de 30 mil trabalhadores, nos 8 mil km de costa.<\/p>\n<p>De acordo com o minist\u00e9rio, em 2016, o Brasil exportou US$ 33,1 milh\u00f5es de pescado. At\u00e9 30 de novembro de 2017, a exporta\u00e7\u00e3o somava US$ 21,8 milh\u00f5es. No cronograma acertado entre o Mapa e o Inmetro, haver\u00e1 mais duas reuni\u00f5es. Uma, no dia 10, no Rio de Janeiro, na sede do Instituto. E outra, no dia 17, quando t\u00e9cnicos dos dois \u00f3rg\u00e3os v\u00e3o a Santa Catarina para vistoriar barcos, atracadouros e ind\u00fastrias. A suspens\u00e3o atinge diretamente a ind\u00fastria pesqueira catarinense, que tem o terceiro maior \u00edndice de exporta\u00e7\u00e3o no pa\u00eds. S\u00e3o cerca de 2 mil toneladas ao ano, boa parte enviada a Portugal, It\u00e1lia e Espanha. Para o Sindicato Nacional dos Fiscais Federais Agropecu\u00e1rios (Anffa Sindical), a suspens\u00e3o vai atingir em cheio pelo menos 67 empresas e 2 barcos-f\u00e1brica que atualmente exportam pescados para a UE.<\/p>\n<p>As auditorias europeias acontecem a cada cinco anos. O problema \u00e9 que as a\u00e7\u00f5es corretivas n\u00e3o foram poss\u00edveis por causa de uma conjuntura denunciada h\u00e1 tempos: falta pessoal e de capacita\u00e7\u00e3o na \u00e1rea de inspe\u00e7\u00e3o e fiscaliza\u00e7\u00e3o agropecu\u00e1ria no Brasil. Segundo Marco Lessa, vice-presidente do Anffa, \u201cqualquer resolu\u00e7\u00e3o, sem concurso p\u00fablico, ser\u00e1 apenas um paliativo\u201d. Hoje o Mapa tem apenas 2,6 mil fiscais agropecu\u00e1rios para tratar da fiscaliza\u00e7\u00e3o de produtos animais e vegetais. \u201cPrecisamos de, pelo menos, mais 2 mil profissionais. Porque 50% dos atuais ativos j\u00e1 est\u00e3o em condi\u00e7\u00f5es de se aposentar\u201d, disse Lessa.<\/p>\n","protected":false},"excerpt":{"rendered":"<p>Brasil demora para se adequar \u00e0s regras internacionais &#8211; especialmente aos padr\u00f5es de higiene &#8211; que v\u00eam sendo discutidas desde 2004. Inmetro vai definir processo de certifica\u00e7\u00f5es de embarca\u00e7\u00f5es e atracadouros, que j\u00e1 deveria ter sido feito h\u00e1 mais de 13 anos. At\u00e9 abril ou maio, no m\u00e1ximo,\u00a0a situa\u00e7\u00e3o j\u00e1 deve estar resolvida e a ind\u00fastria da pesca dever\u00e1 voltar [&hellip;]<\/p>\n","protected":false},"author":27,"featured_media":0,"comment_status":"open","ping_status":"closed","sticky":false,"template":"","format":"standard","meta":{"footnotes":""},"categories":[2719],"tags":[7108,7991,10469,164,10472,10473,875,10474,10468,10467,10470,6050,1495,485,1232,353,14,6163,10464,1157,751,10471,2423,10465,10466,149],"class_list":["post-7838","post","type-post","status-publish","format-standard","hentry","category-servidor","tag-adequacao","tag-adequar","tag-atracadouros","tag-brasil","tag-captura","tag-cativeiro","tag-certificacao","tag-contaminacao","tag-embarcacoes","tag-evitada","tag-exportar","tag-higiene","tag-industria","tag-inmetro","tag-internacionais","tag-irregularidades","tag-mapa","tag-padroes","tag-pescado","tag-processo","tag-regras","tag-sanitarias","tag-suspensao","tag-ue","tag-uniao-europeia","tag-venda"],"_links":{"self":[{"href":"https:\/\/blogs.correiobraziliense.com.br\/servidor\/wp-json\/wp\/v2\/posts\/7838","targetHints":{"allow":["GET"]}}],"collection":[{"href":"https:\/\/blogs.correiobraziliense.com.br\/servidor\/wp-json\/wp\/v2\/posts"}],"about":[{"href":"https:\/\/blogs.correiobraziliense.com.br\/servidor\/wp-json\/wp\/v2\/types\/post"}],"author":[{"embeddable":true,"href":"https:\/\/blogs.correiobraziliense.com.br\/servidor\/wp-json\/wp\/v2\/users\/27"}],"replies":[{"embeddable":true,"href":"https:\/\/blogs.correiobraziliense.com.br\/servidor\/wp-json\/wp\/v2\/comments?post=7838"}],"version-history":[{"count":1,"href":"https:\/\/blogs.correiobraziliense.com.br\/servidor\/wp-json\/wp\/v2\/posts\/7838\/revisions"}],"predecessor-version":[{"id":7839,"href":"https:\/\/blogs.correiobraziliense.com.br\/servidor\/wp-json\/wp\/v2\/posts\/7838\/revisions\/7839"}],"wp:attachment":[{"href":"https:\/\/blogs.correiobraziliense.com.br\/servidor\/wp-json\/wp\/v2\/media?parent=7838"}],"wp:term":[{"taxonomy":"category","embeddable":true,"href":"https:\/\/blogs.correiobraziliense.com.br\/servidor\/wp-json\/wp\/v2\/categories?post=7838"},{"taxonomy":"post_tag","embeddable":true,"href":"https:\/\/blogs.correiobraziliense.com.br\/servidor\/wp-json\/wp\/v2\/tags?post=7838"}],"curies":[{"name":"wp","href":"https:\/\/api.w.org\/{rel}","templated":true}]}}