{"id":7836,"date":"2018-01-03T18:57:35","date_gmt":"2018-01-03T20:57:35","guid":{"rendered":"https:\/\/blogs.correiobraziliense.com.br\/servidor\/?p=7836"},"modified":"2018-01-03T18:57:35","modified_gmt":"2018-01-03T20:57:35","slug":"correios-esclarecimento-sobre-obrigatoriedade-da-apresentacao-de-nota-fiscal-nas-postagens-de-encomendas","status":"publish","type":"post","link":"https:\/\/blogs.correiobraziliense.com.br\/servidor\/correios-esclarecimento-sobre-obrigatoriedade-da-apresentacao-de-nota-fiscal-nas-postagens-de-encomendas\/","title":{"rendered":"Correios &#8211; Esclarecimento sobre obrigatoriedade da apresenta\u00e7\u00e3o de nota fiscal nas postagens de encomendas"},"content":{"rendered":"<p><em>Desde o dia 2 de janeiro, a apresenta\u00e7\u00e3o de nota fiscal nas postagens de encomendas passou a ser obrigat\u00f3ria. A medida \u00e9 para\u00a0\u00e0s exig\u00eancias dos \u00f3rg\u00e3os de fiscaliza\u00e7\u00e3o tribut\u00e1ria, que determinam que o transporte de qualquer mercadoria sujeita \u00e0 tributa\u00e7\u00e3o deve ocorrer com a nota fiscal, informou, por meio de nota, a estatal.<\/em><\/p>\n<p>&#8220;Cabe esclarecer que essa n\u00e3o \u00e9 uma exig\u00eancia dos Correios, mas dos \u00f3rg\u00e3os de fiscaliza\u00e7\u00e3o tribut\u00e1ria. A empresa apenas est\u00e1 cumprindo a legisla\u00e7\u00e3o, que tamb\u00e9m se aplica a todos os demais transportadores do pa\u00eds&#8221;, destacou<\/p>\n<p>A postagem de qualquer mercadoria sujeita a tributa\u00e7\u00e3o deve ser acompanhada do respectivo documento fiscal afixado na parte externa da encomenda. Para produtos que n\u00e3o est\u00e3o sujeitos \u00e0 tributa\u00e7\u00e3o, o remetente &#8211; sob sua responsabilidade &#8211; poder\u00e1 preencher uma declara\u00e7\u00e3o de conte\u00fado (dispon\u00edvel no site ou nas ag\u00eancias dos Correios), que tamb\u00e9m dever\u00e1 ser fixada na parte externa.<\/p>\n<p>&#8220;\u00c9 importante ressaltar que essa regra n\u00e3o \u00e9 nova para as postagens de pessoas jur\u00eddicas com os Correios. As empresas de e-commerce j\u00e1 adotam essa pr\u00e1tica. A mudan\u00e7a se aplica principalmente para as postagens feitas no varejo, diretamente nas ag\u00eancias&#8221;, refor\u00e7ou a empresa.<\/p>\n<p>Em dezembro de 2017, os Correios publicaram em seu portal aviso sobre a medida. Ap\u00f3s essa publica\u00e7\u00e3o, alguns sites repercutiram o assunto, com o objetivo de informar principalmente quem compra e vende pela internet. Contudo, algumas not\u00edcias publicadas trouxeram informa\u00e7\u00f5es equivocadas. Para esclarecer a todos, os Correios prepararam respostas para as principais d\u00favidas manifestadas sobre o assunto em seu Blog, dispon\u00edvel em\u00a0<a href=\"http:\/\/blog.correios.com.br\/correios\/?p=46771\">http:\/\/blog.correios.com.br\/correios\/?p=46771<\/a><\/p>\n<table width=\"576\">\n<tbody>\n<tr>\n<td><\/td>\n<\/tr>\n<\/tbody>\n<\/table>\n","protected":false},"excerpt":{"rendered":"<p>Desde o dia 2 de janeiro, a apresenta\u00e7\u00e3o de nota fiscal nas postagens de encomendas passou a ser obrigat\u00f3ria. A medida \u00e9 para\u00a0\u00e0s exig\u00eancias dos \u00f3rg\u00e3os de fiscaliza\u00e7\u00e3o tribut\u00e1ria, que determinam que o transporte de qualquer mercadoria sujeita \u00e0 tributa\u00e7\u00e3o deve ocorrer com a nota fiscal, informou, por meio de nota, a estatal. &#8220;Cabe esclarecer que essa n\u00e3o \u00e9 uma [&hellip;]<\/p>\n","protected":false},"author":27,"featured_media":0,"comment_status":"open","ping_status":"closed","sticky":false,"template":"","format":"standard","meta":{"footnotes":""},"categories":[2719],"tags":[879,3795,1425,20,1274,10462,9535,321,2523,940,2092,8932,9829,584,1890,10461,10458,1187,10459,2936,10460,3714,1307,10463],"class_list":["post-7836","post","type-post","status-publish","format-standard","hentry","category-servidor","tag-agencias","tag-apresentacao","tag-conteudo","tag-correios","tag-declaracao","tag-e-commerce","tag-encomendas","tag-esclarecimentos","tag-estatal","tag-fiscalizacao","tag-legislacao","tag-mercadoria","tag-nota-fiscal","tag-obrigatoriedade","tag-orgaos","tag-pessoas-juridicas","tag-postagens","tag-pratica","tag-qualquer","tag-site","tag-transportadores","tag-transporte","tag-tributaria","tag-varejo"],"_links":{"self":[{"href":"https:\/\/blogs.correiobraziliense.com.br\/servidor\/wp-json\/wp\/v2\/posts\/7836","targetHints":{"allow":["GET"]}}],"collection":[{"href":"https:\/\/blogs.correiobraziliense.com.br\/servidor\/wp-json\/wp\/v2\/posts"}],"about":[{"href":"https:\/\/blogs.correiobraziliense.com.br\/servidor\/wp-json\/wp\/v2\/types\/post"}],"author":[{"embeddable":true,"href":"https:\/\/blogs.correiobraziliense.com.br\/servidor\/wp-json\/wp\/v2\/users\/27"}],"replies":[{"embeddable":true,"href":"https:\/\/blogs.correiobraziliense.com.br\/servidor\/wp-json\/wp\/v2\/comments?post=7836"}],"version-history":[{"count":1,"href":"https:\/\/blogs.correiobraziliense.com.br\/servidor\/wp-json\/wp\/v2\/posts\/7836\/revisions"}],"predecessor-version":[{"id":7837,"href":"https:\/\/blogs.correiobraziliense.com.br\/servidor\/wp-json\/wp\/v2\/posts\/7836\/revisions\/7837"}],"wp:attachment":[{"href":"https:\/\/blogs.correiobraziliense.com.br\/servidor\/wp-json\/wp\/v2\/media?parent=7836"}],"wp:term":[{"taxonomy":"category","embeddable":true,"href":"https:\/\/blogs.correiobraziliense.com.br\/servidor\/wp-json\/wp\/v2\/categories?post=7836"},{"taxonomy":"post_tag","embeddable":true,"href":"https:\/\/blogs.correiobraziliense.com.br\/servidor\/wp-json\/wp\/v2\/tags?post=7836"}],"curies":[{"name":"wp","href":"https:\/\/api.w.org\/{rel}","templated":true}]}}