{"id":7830,"date":"2018-01-03T12:40:33","date_gmt":"2018-01-03T14:40:33","guid":{"rendered":"https:\/\/blogs.correiobraziliense.com.br\/servidor\/?p=7830"},"modified":"2018-01-03T12:40:33","modified_gmt":"2018-01-03T14:40:33","slug":"2018-federais-dao-inicio-acoes-de-resistencia","status":"publish","type":"post","link":"https:\/\/blogs.correiobraziliense.com.br\/servidor\/2018-federais-dao-inicio-acoes-de-resistencia\/","title":{"rendered":"2018 &#8211; Federais d\u00e3o in\u00edcio a a\u00e7\u00f5es de resist\u00eancia"},"content":{"rendered":"<p><em>Fonacate e Fonasefe ter\u00e3o a primeira reuni\u00e3o do ano no pr\u00f3ximo dia 16<\/em><\/p>\n<p>Na pauta do primeiro encontro, segundo informou a Condsef, os desafios para esse ano marcado por elei\u00e7\u00f5es gerais: \u00a0barrar a reforma da Previd\u00eancia (PEC 287\/16), prevista para ser votada em fevereiro; derrubar o veto do presidente Michel Temer ao PL 3831\/15, que estabelece a negocia\u00e7\u00e3o coletiva no setor p\u00fablico; suspens\u00e3o da MP 805\/17, que revoga \u00a0reajustes e aumenta para 14% al\u00edquota previdenci\u00e1ria de servidores que recebem a partir de R$ 5 mil.<\/p>\n<p>Fonasefe e Fonacate tamb\u00e9m preparam uma reuni\u00e3o ampliada entre os dias 3 e 4 de fevereiro. Um dos objetivos \u00e9 consolidar campanha que identifique as principais demandas que unificam os trabalhadores do setor p\u00fablico, com o combate \u00e0 pol\u00edtica de Estado M\u00ednimo e press\u00e3o a parlamentares para que defendam pautas dos servidores &#8211; tanto com atividades nos estados quanto concentradas em Bras\u00edlia no retorno do recesso parlamentar.<\/p>\n<p>Tamb\u00e9m continua na pauta em 2018 a luta pela revoga\u00e7\u00e3o da Emenda Constitucional (EC) 95\/16 que congela investimentos p\u00fablicos pelos pr\u00f3ximos 20 anos.<\/p>\n","protected":false},"excerpt":{"rendered":"<p>Fonacate e Fonasefe ter\u00e3o a primeira reuni\u00e3o do ano no pr\u00f3ximo dia 16 Na pauta do primeiro encontro, segundo informou a Condsef, os desafios para esse ano marcado por elei\u00e7\u00f5es gerais: \u00a0barrar a reforma da Previd\u00eancia (PEC 287\/16), prevista para ser votada em fevereiro; derrubar o veto do presidente Michel Temer ao PL 3831\/15, que estabelece a negocia\u00e7\u00e3o coletiva no [&hellip;]<\/p>\n","protected":false},"author":27,"featured_media":0,"comment_status":"open","ping_status":"closed","sticky":false,"template":"","format":"standard","meta":{"footnotes":""},"categories":[2719],"tags":[4414,3837,305,204,1486,3639,1500,1845,8187,2021,2874,56,59,82,7421,1008,2474,2024,10452,10047,268,17,4830,10451,81,2212,132,241,690,9727,2229,58,570,2423,2787],"class_list":["post-7830","post","type-post","status-publish","format-standard","hentry","category-servidor","tag-aliquota","tag-barrar","tag-campanha","tag-combate","tag-condsef","tag-congela","tag-demandas","tag-desafios","tag-ec-9516","tag-eleicoes","tag-encontro","tag-estado","tag-federais","tag-fonacate","tag-fonasefe","tag-investimentos","tag-michel-temer","tag-minimo","tag-mp-80517","tag-negociacao-coletiva","tag-parlamentares","tag-pauta","tag-pec-28716","tag-pl-383115","tag-presidente","tag-pressao","tag-previdenciaria","tag-publico","tag-reajustes","tag-reforma-da-previdencia","tag-revoga","tag-servidores","tag-setor","tag-suspensao","tag-veto"],"_links":{"self":[{"href":"https:\/\/blogs.correiobraziliense.com.br\/servidor\/wp-json\/wp\/v2\/posts\/7830","targetHints":{"allow":["GET"]}}],"collection":[{"href":"https:\/\/blogs.correiobraziliense.com.br\/servidor\/wp-json\/wp\/v2\/posts"}],"about":[{"href":"https:\/\/blogs.correiobraziliense.com.br\/servidor\/wp-json\/wp\/v2\/types\/post"}],"author":[{"embeddable":true,"href":"https:\/\/blogs.correiobraziliense.com.br\/servidor\/wp-json\/wp\/v2\/users\/27"}],"replies":[{"embeddable":true,"href":"https:\/\/blogs.correiobraziliense.com.br\/servidor\/wp-json\/wp\/v2\/comments?post=7830"}],"version-history":[{"count":1,"href":"https:\/\/blogs.correiobraziliense.com.br\/servidor\/wp-json\/wp\/v2\/posts\/7830\/revisions"}],"predecessor-version":[{"id":7831,"href":"https:\/\/blogs.correiobraziliense.com.br\/servidor\/wp-json\/wp\/v2\/posts\/7830\/revisions\/7831"}],"wp:attachment":[{"href":"https:\/\/blogs.correiobraziliense.com.br\/servidor\/wp-json\/wp\/v2\/media?parent=7830"}],"wp:term":[{"taxonomy":"category","embeddable":true,"href":"https:\/\/blogs.correiobraziliense.com.br\/servidor\/wp-json\/wp\/v2\/categories?post=7830"},{"taxonomy":"post_tag","embeddable":true,"href":"https:\/\/blogs.correiobraziliense.com.br\/servidor\/wp-json\/wp\/v2\/tags?post=7830"}],"curies":[{"name":"wp","href":"https:\/\/api.w.org\/{rel}","templated":true}]}}