{"id":7818,"date":"2017-12-29T19:11:57","date_gmt":"2017-12-29T21:11:57","guid":{"rendered":"https:\/\/blogs.correiobraziliense.com.br\/servidor\/?p=7818"},"modified":"2017-12-29T19:11:57","modified_gmt":"2017-12-29T21:11:57","slug":"tentativa-de-trem-da-alegria-na-secretaria-de-fazenda-de-minas","status":"publish","type":"post","link":"https:\/\/blogs.correiobraziliense.com.br\/servidor\/tentativa-de-trem-da-alegria-na-secretaria-de-fazenda-de-minas\/","title":{"rendered":"Tentativa de trem da alegria na Secretaria de Fazenda de Minas"},"content":{"rendered":"<p><em>Na \u00faltima semana dos trabalhos legislativos, funcion\u00e1rios administrativos da Secretaria de Estado de Fazenda de Minas Gerais (SEF\/MG) tentaram incluir emendas ao PL 3677\/16, de natureza tribut\u00e1ria, para alterar o nome \u201cGestor Fazend\u00e1rio\u201d para \u201cGestor Fiscal da Receita Estadual\u201d e incluir as carreiras de T\u00e9cnico e Analista Fazend\u00e1rio no grupo de Atividades de Tributa\u00e7\u00e3o, Fiscaliza\u00e7\u00e3o e Arrecada\u00e7\u00e3o, da Lei n\u00ba 15.464\/05.<\/em><\/p>\n<p>\u201cAs emendas foram urdidas e ardilosamente aprovadas na Assembleia Legislativa, no apagar das luzes de 2017, sem o conhecimento pr\u00e9vio da fiscaliza\u00e7\u00e3o e sem nenhum debate p\u00fablico\u201d, alertam em nota as entidades representativas dos auditores fiscais de Minas Gerais: Associa\u00e7\u00e3o dos Funcion\u00e1rios Fiscais do Estado de Minas Gerais (Affemg) e Sindicato dos Auditores Fiscais da Receita Estadual de Minas Gerais (Sindifisco\/MG).<\/p>\n<p>O Di\u00e1rio Oficial de Minas Gerais desta sexta (29) traz o veto do governador Fernando Pimentel aos artigos 50 a 55 da Proposi\u00e7\u00e3o da Lei 23.882\/2017.\u00a0 Nas raz\u00f5es de veto, Pimentel afirma que, no m\u00e9rito, estas altera\u00e7\u00f5es pretendidas visam a \u201caquisi\u00e7\u00e3o futura de direitos pr\u00f3prios do cargo de Auditor Fiscal da Receita Estadual sem o necess\u00e1rio concurso p\u00fablico\u201d, situa\u00e7\u00e3o que fere o art. 37, incisos I e II, da Constitui\u00e7\u00e3o Federal.<\/p>\n<p>O governador destaca a jurisprud\u00eancia do Supremo Tribunal Federal que recha\u00e7a a ocorr\u00eancia do provimento derivado e ressalta, ainda, a recomenda\u00e7\u00e3o expressa do Minist\u00e9rio P\u00fablico Estadual para que o termo \u201cGestor Fiscal\u201d n\u00e3o seja utilizado, por ferir dispositivo do C\u00f3digo de Defesa do Contribuinte.<\/p>\n<p>A publica\u00e7\u00e3o enfatiza que as carreiras de T\u00e9cnico e Analista Fazend\u00e1rio n\u00e3o devem ser inclu\u00eddas no Grupo de Atividades\u00a0de TFA, pois n\u00e3o caracterizam efetivamente as t\u00edpicas carreiras de Estado de que trata o art. 37, inciso XXII da Constitui\u00e7\u00e3o Federal.<\/p>\n<p>Por fim, a mensagem do governador mineiro aponta o v\u00edcio de origem, pois altera\u00e7\u00f5es na carreira s\u00e3o de iniciativa do chefe do Poder Executivo, e a falta de pertin\u00eancia tem\u00e1tica com a Lei 23.882\/17, que trata de mat\u00e9ria tribut\u00e1ria.<\/p>\n","protected":false},"excerpt":{"rendered":"<p>Na \u00faltima semana dos trabalhos legislativos, funcion\u00e1rios administrativos da Secretaria de Estado de Fazenda de Minas Gerais (SEF\/MG) tentaram incluir emendas ao PL 3677\/16, de natureza tribut\u00e1ria, para alterar o nome \u201cGestor Fazend\u00e1rio\u201d para \u201cGestor Fiscal da Receita Estadual\u201d e incluir as carreiras de T\u00e9cnico e Analista Fazend\u00e1rio no grupo de Atividades de Tributa\u00e7\u00e3o, Fiscaliza\u00e7\u00e3o e Arrecada\u00e7\u00e3o, da Lei n\u00ba [&hellip;]<\/p>\n","protected":false},"author":27,"featured_media":0,"comment_status":"open","ping_status":"closed","sticky":false,"template":"","format":"standard","meta":{"footnotes":""},"categories":[2719],"tags":[1055,10430,1066,946,10410,3454,648,55,93,2584,2402,940,1341,10428,10429,4189,10427,241,3952,10426,10431,34,1067,3422,1794,2769,1307],"class_list":["post-7818","post","type-post","status-publish","format-standard","hentry","category-servidor","tag-administrativos","tag-affemg","tag-analista","tag-arrecadacao","tag-assembleia-legislativa","tag-atividade","tag-auditores-fiscais","tag-carreiras","tag-concurso","tag-constituicao","tag-emendas","tag-fiscalizacao","tag-funcionarios","tag-gestor-fazendario","tag-gestor-fiscal-da-receita-federal","tag-minas-gerais","tag-pl-367716","tag-publico","tag-secretaria-de-fazenda","tag-sefmg","tag-sindifiscomg","tag-stf","tag-tecnico","tag-tentativa","tag-trem-da-alegria","tag-tributacao","tag-tributaria"],"_links":{"self":[{"href":"https:\/\/blogs.correiobraziliense.com.br\/servidor\/wp-json\/wp\/v2\/posts\/7818","targetHints":{"allow":["GET"]}}],"collection":[{"href":"https:\/\/blogs.correiobraziliense.com.br\/servidor\/wp-json\/wp\/v2\/posts"}],"about":[{"href":"https:\/\/blogs.correiobraziliense.com.br\/servidor\/wp-json\/wp\/v2\/types\/post"}],"author":[{"embeddable":true,"href":"https:\/\/blogs.correiobraziliense.com.br\/servidor\/wp-json\/wp\/v2\/users\/27"}],"replies":[{"embeddable":true,"href":"https:\/\/blogs.correiobraziliense.com.br\/servidor\/wp-json\/wp\/v2\/comments?post=7818"}],"version-history":[{"count":1,"href":"https:\/\/blogs.correiobraziliense.com.br\/servidor\/wp-json\/wp\/v2\/posts\/7818\/revisions"}],"predecessor-version":[{"id":7819,"href":"https:\/\/blogs.correiobraziliense.com.br\/servidor\/wp-json\/wp\/v2\/posts\/7818\/revisions\/7819"}],"wp:attachment":[{"href":"https:\/\/blogs.correiobraziliense.com.br\/servidor\/wp-json\/wp\/v2\/media?parent=7818"}],"wp:term":[{"taxonomy":"category","embeddable":true,"href":"https:\/\/blogs.correiobraziliense.com.br\/servidor\/wp-json\/wp\/v2\/categories?post=7818"},{"taxonomy":"post_tag","embeddable":true,"href":"https:\/\/blogs.correiobraziliense.com.br\/servidor\/wp-json\/wp\/v2\/tags?post=7818"}],"curies":[{"name":"wp","href":"https:\/\/api.w.org\/{rel}","templated":true}]}}