{"id":7812,"date":"2017-12-29T18:01:42","date_gmt":"2017-12-29T20:01:42","guid":{"rendered":"https:\/\/blogs.correiobraziliense.com.br\/servidor\/?p=7812"},"modified":"2017-12-29T18:01:42","modified_gmt":"2017-12-29T20:01:42","slug":"angus-repudia-aprovacao-de-pl-que-preve-segunda-sem-carne-em-sp","status":"publish","type":"post","link":"https:\/\/blogs.correiobraziliense.com.br\/servidor\/angus-repudia-aprovacao-de-pl-que-preve-segunda-sem-carne-em-sp\/","title":{"rendered":"Angus repudia aprova\u00e7\u00e3o de PL que prev\u00ea &#8220;segunda sem carne&#8221; em SP"},"content":{"rendered":"<div><em>Por meio de nota, a\u00a0Associa\u00e7\u00e3o Brasileira de Angus repudia o Projeto de Lei 87\/2016, nomeado de &#8220;segunda sem carne&#8221;, de autoria do deputado Feliciano Filho (PSC\/SP), aprovado pela Assembleia Legislativa. A proposta pro\u00edbe o fornecimento do produto e seus derivados nas segundas-feiras no Estado.\u00a0<\/em><\/div>\n<div>\n<div><\/div>\n<div>&#8220;Os preju\u00edzos da proposta, caso venha a ser sancionada, n\u00e3o se limitam \u00e0 nutri\u00e7\u00e3o e a liberdade de escolha, pois se estendem ao mercado, tendo em vista a import\u00e2ncia da carne no progresso econ\u00f4mico do Brasil. Segundo o Sum\u00e1rio Executivo da Associa\u00e7\u00e3o Brasileira das Ind\u00fastrias Exportadoras de Carne (Abiec), a medida pode acarretar na perda anual de at\u00e9 R$ 29 bilh\u00f5es na cadeia produtiva da pecu\u00e1ria de corte do Pa\u00eds&#8221;, afirma a nota.<\/div>\n<\/div>\n<div><\/div>\n<div>Veja a nota na \u00edntegra:<\/div>\n<div><\/div>\n<div>&#8220;A Associa\u00e7\u00e3o Brasileira de Angus vem a p\u00fablico repudiar o Projeto de Lei 87\/2016, de autoria do deputado Feliciano Filho (PSC\/SP), aprovado nesta\u00a0<span id=\"OBJ_PREFIX_DWT821_com_zimbra_date\" class=\"Object\"><span id=\"OBJ_PREFIX_DWT828_com_zimbra_date\" class=\"Object\">quarta<\/span><\/span>-feira (27\/12) pela Assembleia Legislativa de S\u00e3o Paulo (SP). A proposta recentemente aprovada pela Assembleia Legislativa paulista, nomeada como \u201c<span id=\"OBJ_PREFIX_DWT822_com_zimbra_date\" class=\"Object\"><span id=\"OBJ_PREFIX_DWT829_com_zimbra_date\" class=\"Object\">segunda<\/span><\/span>\u00a0sem carne\u201d, tem como objetivo a proibi\u00e7\u00e3o do fornecimento de carnes e seus derivados nas segundas-feiras, ainda que gratuitamente, nas escolas da rede p\u00fablica de ensino e nos estabelecimentos que ofere\u00e7am refei\u00e7\u00e3o no \u00e2mbito dos \u00f3rg\u00e3os p\u00fablicos.<\/div>\n<div><\/div>\n<div>Em um pa\u00eds democr\u00e1tico, n\u00e3o cabe ao Estado decidir o que a popula\u00e7\u00e3o pode ou n\u00e3o consumir. Sendo assim, a Angus considera que a proposta fere os direitos individuais dos cidad\u00e3os, que s\u00e3o livres para escolher e podem decidir o que \u00e9 melhor para a sua alimenta\u00e7\u00e3o e bem-estar.<\/div>\n<div><\/div>\n<div>O referido projeto tamb\u00e9m ignora os benef\u00edcios da carne enquanto prote\u00edna fundamental para o desenvolvimento e manuten\u00e7\u00e3o da sa\u00fade, tendo em vista que o alimento \u00e9 fonte de energia, amino\u00e1cidos e mineiras, como ferro, zinco e vitamina B12, nutrientes essenciais para uma dieta saud\u00e1vel e que dificilmente podem ser substitu\u00eddos por fontes de origem vegetal.<\/div>\n<div><\/div>\n<div>Os preju\u00edzos da proposta, caso venha a ser sancionada, n\u00e3o se limitam \u00e0 nutri\u00e7\u00e3o e a liberdade de escolha, pois se estendem ao mercado, tendo em vista a import\u00e2ncia da carne no progresso econ\u00f4mico do Brasil. Segundo o Sum\u00e1rio Executivo da Associa\u00e7\u00e3o Brasileira das Ind\u00fastrias Exportadoras de Carne (Abiec), a medida pode acarretar na perda anual de at\u00e9 R$ 29 bilh\u00f5es na cadeia produtiva da pecu\u00e1ria de corte do Pa\u00eds.<\/div>\n<div><\/div>\n<div>Portanto, visando as grandes consequ\u00eancias que podem ser causadas pelo projeto em todo o Pa\u00eds, e pelo descomedimento do Estado de S\u00e3o Paulo ao ditar o que o cidad\u00e3o deve consumir, a Associa\u00e7\u00e3o Brasileira de Angus solicita ao governador Geraldo Alckmin o veto integral do projeto que agride o livre-arb\u00edtrio dos cidad\u00e3os.&#8221;<\/div>\n","protected":false},"excerpt":{"rendered":"<p>Por meio de nota, a\u00a0Associa\u00e7\u00e3o Brasileira de Angus repudia o Projeto de Lei 87\/2016, nomeado de &#8220;segunda sem carne&#8221;, de autoria do deputado Feliciano Filho (PSC\/SP), aprovado pela Assembleia Legislativa. A proposta pro\u00edbe o fornecimento do produto e seus derivados nas segundas-feiras no Estado.\u00a0 &#8220;Os preju\u00edzos da proposta, caso venha a ser sancionada, n\u00e3o se limitam \u00e0 nutri\u00e7\u00e3o e a [&hellip;]<\/p>\n","protected":false},"author":27,"featured_media":0,"comment_status":"open","ping_status":"closed","sticky":false,"template":"","format":"standard","meta":{"footnotes":""},"categories":[2719],"tags":[5458,10407,1497,10410,960,164,5464,10411,258,5673,2596,1296,4160,1093,5153,56,2654,10413,1757,489,10412,1890,5484,1491,10408,5465,4514,2243,24,1294,7843,650,10409],"class_list":["post-7812","post","type-post","status-publish","format-standard","hentry","category-servidor","tag-abiec","tag-angus","tag-aprovacao","tag-assembleia-legislativa","tag-bilhoes","tag-brasil","tag-cadeia","tag-carnes","tag-corte","tag-derivados","tag-economico","tag-ensino","tag-escolas","tag-escolha","tag-estabelecimentos","tag-estado","tag-fornecimento","tag-gratuitamente","tag-liberdade","tag-mercado","tag-nutricao","tag-orgaos","tag-pecuaria","tag-perda","tag-pl-872016","tag-produtiva","tag-progresso","tag-proibe","tag-publicos","tag-rede-publica","tag-refeicao","tag-repudia","tag-segunda-sem-carne"],"_links":{"self":[{"href":"https:\/\/blogs.correiobraziliense.com.br\/servidor\/wp-json\/wp\/v2\/posts\/7812","targetHints":{"allow":["GET"]}}],"collection":[{"href":"https:\/\/blogs.correiobraziliense.com.br\/servidor\/wp-json\/wp\/v2\/posts"}],"about":[{"href":"https:\/\/blogs.correiobraziliense.com.br\/servidor\/wp-json\/wp\/v2\/types\/post"}],"author":[{"embeddable":true,"href":"https:\/\/blogs.correiobraziliense.com.br\/servidor\/wp-json\/wp\/v2\/users\/27"}],"replies":[{"embeddable":true,"href":"https:\/\/blogs.correiobraziliense.com.br\/servidor\/wp-json\/wp\/v2\/comments?post=7812"}],"version-history":[{"count":1,"href":"https:\/\/blogs.correiobraziliense.com.br\/servidor\/wp-json\/wp\/v2\/posts\/7812\/revisions"}],"predecessor-version":[{"id":7813,"href":"https:\/\/blogs.correiobraziliense.com.br\/servidor\/wp-json\/wp\/v2\/posts\/7812\/revisions\/7813"}],"wp:attachment":[{"href":"https:\/\/blogs.correiobraziliense.com.br\/servidor\/wp-json\/wp\/v2\/media?parent=7812"}],"wp:term":[{"taxonomy":"category","embeddable":true,"href":"https:\/\/blogs.correiobraziliense.com.br\/servidor\/wp-json\/wp\/v2\/categories?post=7812"},{"taxonomy":"post_tag","embeddable":true,"href":"https:\/\/blogs.correiobraziliense.com.br\/servidor\/wp-json\/wp\/v2\/tags?post=7812"}],"curies":[{"name":"wp","href":"https:\/\/api.w.org\/{rel}","templated":true}]}}