{"id":7803,"date":"2017-12-29T12:17:39","date_gmt":"2017-12-29T14:17:39","guid":{"rendered":"https:\/\/blogs.correiobraziliense.com.br\/servidor\/?p=7803"},"modified":"2017-12-29T12:17:39","modified_gmt":"2017-12-29T14:17:39","slug":"receita-federal-amplia-o-atendimento-integral-ao-contribuinte","status":"publish","type":"post","link":"https:\/\/blogs.correiobraziliense.com.br\/servidor\/receita-federal-amplia-o-atendimento-integral-ao-contribuinte\/","title":{"rendered":"Receita Federal amplia o atendimento integral ao contribuinte"},"content":{"rendered":"<p><em>Servi\u00e7os aduaneiros e os referentes a tributos internos ser\u00e3o atendidos no\u00a0mesmo local. A partir de 1\u00ba de janeiro de 2018,\u00a0o\u00a0 cidad\u00e3o\u00a0 poder\u00e1, \u00a0em\u00a0 uma\u00a0 mesma\u00a0 unidade,\u00a0operar\u00a0 no\u00a0 com\u00e9rcio\u00a0 exterior e consultar pend\u00eancias\u00a0fiscais da pessoa f\u00edsica e da jur\u00eddica<\/em><\/p>\n<p>Foi publicada hoje no Di\u00e1rio Oficial da Uni\u00e3o (DOU) a Portaria RFB 6447\/2017, que\u00a0amplia o atendimento de forma integral ao contribuinte nas localidades onde\u00a0existir apenas uma unidade da Receita Federal, anunciou o \u00f3rg\u00e3o.<\/p>\n<p>A Receita Federal, a\u00a0partir\u00a0 de\u00a0 1\u00ba de janeiro de 2018, vai instaurar a sistem\u00e1tica de atendimento integral, que\u00a0possibilitar\u00e1\u00a0 ao\u00a0 cidad\u00e3o,\u00a0independentemente\u00a0 da natureza do servi\u00e7o ou tributo, ser atendido em qualquer\u00a0de\u00a0 suas\u00a0 unidades, sejam elas de tributos internos ou aduaneiras.<\/p>\n<p>&#8220;Assim,\u00a0 por\u00a0 exemplo,\u00a0 o\u00a0 cidad\u00e3o\u00a0 poder\u00e1\u00a0 obter\u00a0 em\u00a0 uma\u00a0 mesma\u00a0 unidade a\u00a0habilita\u00e7\u00e3o\u00a0 para\u00a0 operar\u00a0 no\u00a0 com\u00e9rcio\u00a0 exterior e a consulta a pend\u00eancias\u00a0fiscais da pessoa f\u00edsica e da jur\u00eddica&#8221;, destaca a nota<\/p>\n<p>&#8220;O\u00a0 atendimento\u00a0 integral\u00a0 coaduna-se com as diretrizes gerais estabelecidas\u00a0pelo\u00a0 governo\u00a0 federal\u00a0 para atendimento ao p\u00fablico, ampliando o acesso aos\u00a0contribuintes,\u00a0 sobretudo\u00a0 aqueles\u00a0 que\u00a0 residem em cidades do interior das\u00a0diversas\u00a0 regi\u00f5es do pa\u00eds, gerando maior facilidade no que diz respeito aos\u00a0servi\u00e7os que necessitarem junto \u00e0 Receita Federal, complementou.<\/p>\n","protected":false},"excerpt":{"rendered":"<p>Servi\u00e7os aduaneiros e os referentes a tributos internos ser\u00e3o atendidos no\u00a0mesmo local. A partir de 1\u00ba de janeiro de 2018,\u00a0o\u00a0 cidad\u00e3o\u00a0 poder\u00e1, \u00a0em\u00a0 uma\u00a0 mesma\u00a0 unidade,\u00a0operar\u00a0 no\u00a0 com\u00e9rcio\u00a0 exterior e consultar pend\u00eancias\u00a0fiscais da pessoa f\u00edsica e da jur\u00eddica Foi publicada hoje no Di\u00e1rio Oficial da Uni\u00e3o (DOU) a Portaria RFB 6447\/2017, que\u00a0amplia o atendimento de forma integral ao contribuinte nas [&hellip;]<\/p>\n","protected":false},"author":27,"featured_media":0,"comment_status":"open","ping_status":"closed","sticky":false,"template":"","format":"standard","meta":{"footnotes":""},"categories":[2719],"tags":[1088,551,4901,356,1769,580,12,1036,3659,2890,10343,246,6388,294,1379,1825,2906],"class_list":["post-7803","post","type-post","status-publish","format-standard","hentry","category-servidor","tag-aduaneiros","tag-atendimento","tag-comercio","tag-contribuinte","tag-dou","tag-exterior","tag-fiscais","tag-integral","tag-internos","tag-juridica","tag-localidades","tag-pendencias","tag-pessoa-fisica","tag-receita-federal","tag-servicos","tag-tributos","tag-unidade"],"_links":{"self":[{"href":"https:\/\/blogs.correiobraziliense.com.br\/servidor\/wp-json\/wp\/v2\/posts\/7803","targetHints":{"allow":["GET"]}}],"collection":[{"href":"https:\/\/blogs.correiobraziliense.com.br\/servidor\/wp-json\/wp\/v2\/posts"}],"about":[{"href":"https:\/\/blogs.correiobraziliense.com.br\/servidor\/wp-json\/wp\/v2\/types\/post"}],"author":[{"embeddable":true,"href":"https:\/\/blogs.correiobraziliense.com.br\/servidor\/wp-json\/wp\/v2\/users\/27"}],"replies":[{"embeddable":true,"href":"https:\/\/blogs.correiobraziliense.com.br\/servidor\/wp-json\/wp\/v2\/comments?post=7803"}],"version-history":[{"count":1,"href":"https:\/\/blogs.correiobraziliense.com.br\/servidor\/wp-json\/wp\/v2\/posts\/7803\/revisions"}],"predecessor-version":[{"id":7804,"href":"https:\/\/blogs.correiobraziliense.com.br\/servidor\/wp-json\/wp\/v2\/posts\/7803\/revisions\/7804"}],"wp:attachment":[{"href":"https:\/\/blogs.correiobraziliense.com.br\/servidor\/wp-json\/wp\/v2\/media?parent=7803"}],"wp:term":[{"taxonomy":"category","embeddable":true,"href":"https:\/\/blogs.correiobraziliense.com.br\/servidor\/wp-json\/wp\/v2\/categories?post=7803"},{"taxonomy":"post_tag","embeddable":true,"href":"https:\/\/blogs.correiobraziliense.com.br\/servidor\/wp-json\/wp\/v2\/tags?post=7803"}],"curies":[{"name":"wp","href":"https:\/\/api.w.org\/{rel}","templated":true}]}}