{"id":780,"date":"2016-01-19T12:18:45","date_gmt":"2016-01-19T14:18:45","guid":{"rendered":"https:\/\/blogs.correiobraziliense.com.br\/servidor\/?p=780"},"modified":"2016-01-19T12:18:45","modified_gmt":"2016-01-19T14:18:45","slug":"trabalhadores-dos-correios-refutam-deficit-bilionario-anunciado-pela-ect","status":"publish","type":"post","link":"https:\/\/blogs.correiobraziliense.com.br\/servidor\/trabalhadores-dos-correios-refutam-deficit-bilionario-anunciado-pela-ect\/","title":{"rendered":"TRABALHADORES DOS CORREIOS REFUTAM D\u00c9FICIT BILION\u00c1RIO ANUNCIADO PELA ECT"},"content":{"rendered":"<p><em>Empresa amea\u00e7a falta de verba para pagamento em 2016.\u00a0Federa\u00e7\u00e3o Nacional dos Trabalhadores em Empresas de Correios e Tel\u00e9grafos e Similares (Fentect) re\u00fane sindicatos filiados para estudar a real situa\u00e7\u00e3o financeira da ECT<\/em><\/p>\n<p>&nbsp;<\/p>\n<p>A ECT, de acordo com a federa\u00e7\u00e3o,\u00a0tem divulgado deficit de R$ 1,3 bilh\u00f5es na empresa, al\u00e9m de amea\u00e7ar n\u00e3o ter verba para o pagamento dos empregados ap\u00f3s o m\u00eas de setembro de 2016. Os trabalhadores e trabalhadoras, no entanto, n\u00e3o pactuam com a informa\u00e7\u00e3o repassada pela empresa, informou. Por isso, a dire\u00e7\u00e3o da\u00a0Fentect est\u00e1 reunida ontem e hoje para uma avalia\u00e7\u00e3o pr\u00e9via e constru\u00e7\u00e3o do material que ser\u00e1 apresentado, em seguida, amanh\u00e3, durante o Conselho de Sindicatos (XVI Consin), em Bras\u00edlia, a partir das 9 horas.<\/p>\n<p align=\"justify\"><span style=\"font-family: arial, helvetica, sans-serif\"> O Consin conta com a participa\u00e7\u00e3o de 31 representantes de sindicatos filiados \u00e0 federa\u00e7\u00e3o, entre diretores da Fentect, convidados e observadores. O principal objetivo ser\u00e1 contrapor os argumentos da administra\u00e7\u00e3o central dos Correios a cerca de um suposto \u201ccolapso financeiro\u201d. Na pauta est\u00e3o assuntos como a reestrutura\u00e7\u00e3o, o plano de sa\u00fade Postal Sa\u00fade, o fundo de pens\u00e3o Postalis, demiss\u00f5es e persegui\u00e7\u00f5es e a Entrega pela Manh\u00e3. Haver\u00e1 palestra com o economista do Dieese, Cl\u00f3vis Scherer, e com o gestor da informa\u00e7\u00e3o, H\u00e1lisson Ten\u00f3rio, e, em seguida, espa\u00e7o para o debate com os participantes.<\/span><\/p>\n<p align=\"justify\"><span style=\"font-family: arial, helvetica, sans-serif\"> A ECT destaca adequa\u00e7\u00e3o financeira, destacou a Fentect, com provisionamentos de recursos para o p\u00f3s-emprego. &#8220;Para a categoria dos ecetistas, est\u00e1 claro que trata-se de uma \u201cpoupan\u00e7a\u201d para os Correios. A empresa fala em perdas, mas n\u00e3o cita o faturamento no per\u00edodo de novembro a dezembro, bem como sugere caixa zero, ainda que com 30% de retorno por trabalhador, como retorno financeiro, no acumulado dos anos de 2014 e 2015&#8221;, destaca a federa\u00e7\u00e3o. <\/span><\/p>\n<p align=\"justify\">Com o Consin, a Fentect far\u00e1 um dossi\u00ea com cerca de 130 p\u00e1ginas contendo a real sa\u00fade financeira da ECT, que ser\u00e1 amplamente divulgado. O estudo conter\u00e1 observa\u00e7\u00f5es de profissionais das \u00e1reas de Economia, Administra\u00e7\u00e3o, Ci\u00eancias Cont\u00e1beis e Ci\u00eancias da Informa\u00e7\u00e3o. Todos dispostos a contribuir com as necessidades da classe dos trabalhadores dos Correios.<\/p>\n<p align=\"justify\"><b>Cobran\u00e7a devida<\/b><\/p>\n<p align=\"justify\"><span style=\"font-family: arial, helvetica, sans-serif\"><span style=\"color: #000000\">A Fentect encaminhou pedido formal de presta\u00e7\u00e3o de contas \u00e0 ECT, no dia 7 de janeiro, que contenha toda documenta\u00e7\u00e3o e informa\u00e7\u00f5es necess\u00e1rias, para que seja apresentada a realidade financeira dos Correios. O documento expedido pela federa\u00e7\u00e3o pede transpar\u00eancia e cobra, em car\u00e1ter de urg\u00eancia, a Rela\u00e7\u00e3o Anual de Informa\u00e7\u00f5es Sociais (RAIS), a pr\u00e9via do Balan\u00e7o da ECT 2015, os crit\u00e9rios estabelecidos para provisionamento do p\u00f3s-emprego e se esse tem sido realizado em \u201cesp\u00e9cie\u201d ou em \u201cpatrim\u00f4nio\u201d, gastos futuros e qual legisla\u00e7\u00e3o obriga os provisionamentos, em especial, o p\u00f3s-emprego, para que uma an\u00e1lise criteriosa da Fentect seja promovida e, dessa maneira, a dire\u00e7\u00e3o, os sindicatos filiados e toda a categoria sejam subsidiados de fatos a cerca da realidade da empresa. <\/span> <\/span><\/p>\n<p align=\"justify\"><span style=\"color: #000000\"><span style=\"font-family: arial, helvetica, sans-serif\">A ECT tem at\u00e9 15 dias para enviar as informa\u00e7\u00f5es solicitadas pela federa\u00e7\u00e3o, mas, at\u00e9 o momento, n\u00e3o se pronunciou sobre o pedido. <\/span><\/span><\/p>\n<p align=\"justify\"><span style=\"color: #000000\"><span style=\"font-family: Liberation Serif, serif\"><u><b>Servi\u00e7o<\/b><\/u><\/span><\/span><\/p>\n<p align=\"justify\">Conselho de Sindicatos (XVI CONSIN)<\/p>\n<p align=\"justify\">Data: 20\/01\/2016<\/p>\n<p align=\"justify\">Hor\u00e1rio: 9 horas<\/p>\n<p align=\"justify\">Local: Hotal Laguna &#8211; Pra\u00e7a Central, Proje\u00e7\u00e3o 7 \u2013 N\u00facleo Bandeirante, DF<\/p>\n","protected":false},"excerpt":{"rendered":"<p>Empresa amea\u00e7a falta de verba para pagamento em 2016.\u00a0Federa\u00e7\u00e3o Nacional dos Trabalhadores em Empresas de Correios e Tel\u00e9grafos e Similares (Fentect) re\u00fane sindicatos filiados para estudar a real situa\u00e7\u00e3o financeira da ECT &nbsp; A ECT, de acordo com a federa\u00e7\u00e3o,\u00a0tem divulgado deficit de R$ 1,3 bilh\u00f5es na empresa, al\u00e9m de amea\u00e7ar n\u00e3o ter verba para o pagamento dos empregados ap\u00f3s [&hellip;]<\/p>\n","protected":false},"author":27,"featured_media":0,"comment_status":"open","ping_status":"closed","sticky":false,"template":"","format":"standard","meta":{"footnotes":""},"categories":[1],"tags":[413,412,20,411,414,410,19],"class_list":["post-780","post","type-post","status-publish","format-standard","hentry","category-sem-categoria","tag-anunciado","tag-bilionario","tag-correios","tag-deficit","tag-ect","tag-refutam","tag-trabalhadores"],"_links":{"self":[{"href":"https:\/\/blogs.correiobraziliense.com.br\/servidor\/wp-json\/wp\/v2\/posts\/780","targetHints":{"allow":["GET"]}}],"collection":[{"href":"https:\/\/blogs.correiobraziliense.com.br\/servidor\/wp-json\/wp\/v2\/posts"}],"about":[{"href":"https:\/\/blogs.correiobraziliense.com.br\/servidor\/wp-json\/wp\/v2\/types\/post"}],"author":[{"embeddable":true,"href":"https:\/\/blogs.correiobraziliense.com.br\/servidor\/wp-json\/wp\/v2\/users\/27"}],"replies":[{"embeddable":true,"href":"https:\/\/blogs.correiobraziliense.com.br\/servidor\/wp-json\/wp\/v2\/comments?post=780"}],"version-history":[{"count":1,"href":"https:\/\/blogs.correiobraziliense.com.br\/servidor\/wp-json\/wp\/v2\/posts\/780\/revisions"}],"predecessor-version":[{"id":781,"href":"https:\/\/blogs.correiobraziliense.com.br\/servidor\/wp-json\/wp\/v2\/posts\/780\/revisions\/781"}],"wp:attachment":[{"href":"https:\/\/blogs.correiobraziliense.com.br\/servidor\/wp-json\/wp\/v2\/media?parent=780"}],"wp:term":[{"taxonomy":"category","embeddable":true,"href":"https:\/\/blogs.correiobraziliense.com.br\/servidor\/wp-json\/wp\/v2\/categories?post=780"},{"taxonomy":"post_tag","embeddable":true,"href":"https:\/\/blogs.correiobraziliense.com.br\/servidor\/wp-json\/wp\/v2\/tags?post=780"}],"curies":[{"name":"wp","href":"https:\/\/api.w.org\/{rel}","templated":true}]}}