{"id":78,"date":"2015-02-24T20:07:00","date_gmt":"2015-02-24T23:07:00","guid":{"rendered":"https:\/\/blogs.correiobraziliense.com.br\/servidor\/entidades_policiais_do_df_fazem_caminhada_por_justica\/"},"modified":"2015-02-24T20:07:00","modified_gmt":"2015-02-24T23:07:00","slug":"entidades_policiais_do_df_fazem_caminhada_por_justica","status":"publish","type":"post","link":"https:\/\/blogs.correiobraziliense.com.br\/servidor\/entidades_policiais_do_df_fazem_caminhada_por_justica\/","title":{"rendered":"ENTIDADES POLICIAIS DO DF FAZEM CAMINHADA POR JUSTI\u00c7A"},"content":{"rendered":"<p>A Caminhada por Justi\u00e7a ser\u00e1 em Bras\u00edlia, amanh\u00e3, \u00e0s  14 horas, em frente ao Museu Nacional. Os manifestantes seguem em dire\u00e7\u00e3o \u00e0 C\u00e2mara dos Deputados, onde haver\u00e1 uma homenagem aos policiais mortos no exerc\u00edcio da profiss\u00e3o.  <\/p>\n<p>O objetivo do ato, segundo informou o Sindicato dos Policiais Federais (Sindipol\/DF), \u00e9 conscientizar a sociedade  brasileira e chamar a aten\u00e7\u00e3o do governo para a necessidade e urg\u00eancia de  melhorias na seguran\u00e7a p\u00fablica e tamb\u00e9m protestar contra o sistema  ultrapassado de seguran\u00e7a p\u00fablica no pa\u00eds. &#8220;Este ser\u00e1 um grande ato em prol da justi\u00e7a e da paz  social&#8221;, assinala o texto,  <\/p>\n<p>A caminhada se encerra no Hall de Taquigrafia da C\u00e2mara dos Deputados. Haver\u00e1 uma homenagem  preparada pelo deputado federal subtenente Gonzaga (PDT\/MG).   <\/p>\n<p>O Sindicato assinala que os policiais que  n\u00e3o puderem comparecer \u00e0 Caminhada acionar\u00e3o, \u00e0s  15 horas, a sirene de suas viaturas por um&nbsp; minuto. <\/p>\n<p>A Caminhada \u00e9 uma iniciativa dos representantes sindicais de  Seguran\u00e7a P\u00fablica, SINDIPOL\/DF, FENAPEF, SINPOL\/DF, PM\/DF, PRF, CBMDF, Detran,  DER, SINDPEN e de agentes do Conselho Tutelar do DF. <\/p>\n<p>Bras\u00edlia, 20h07min <\/p>\n","protected":false},"excerpt":{"rendered":"<p>A Caminhada por Justi\u00e7a ser\u00e1 em Bras\u00edlia, amanh\u00e3, \u00e0s 14 horas, em frente ao Museu Nacional. Os manifestantes seguem em dire\u00e7\u00e3o \u00e0 C\u00e2mara dos Deputados, onde haver\u00e1 uma homenagem aos policiais mortos no exerc\u00edcio da profiss\u00e3o. O objetivo do ato, segundo informou o Sindicato dos Policiais Federais (Sindipol\/DF), \u00e9 conscientizar a sociedade brasileira e chamar a aten\u00e7\u00e3o do governo para [&hellip;]<\/p>\n","protected":false},"author":27,"featured_media":0,"comment_status":"open","ping_status":"open","sticky":false,"template":"","format":"standard","meta":{"footnotes":""},"categories":[1],"tags":[],"class_list":["post-78","post","type-post","status-publish","format-standard","hentry","category-sem-categoria"],"_links":{"self":[{"href":"https:\/\/blogs.correiobraziliense.com.br\/servidor\/wp-json\/wp\/v2\/posts\/78","targetHints":{"allow":["GET"]}}],"collection":[{"href":"https:\/\/blogs.correiobraziliense.com.br\/servidor\/wp-json\/wp\/v2\/posts"}],"about":[{"href":"https:\/\/blogs.correiobraziliense.com.br\/servidor\/wp-json\/wp\/v2\/types\/post"}],"author":[{"embeddable":true,"href":"https:\/\/blogs.correiobraziliense.com.br\/servidor\/wp-json\/wp\/v2\/users\/27"}],"replies":[{"embeddable":true,"href":"https:\/\/blogs.correiobraziliense.com.br\/servidor\/wp-json\/wp\/v2\/comments?post=78"}],"version-history":[{"count":0,"href":"https:\/\/blogs.correiobraziliense.com.br\/servidor\/wp-json\/wp\/v2\/posts\/78\/revisions"}],"wp:attachment":[{"href":"https:\/\/blogs.correiobraziliense.com.br\/servidor\/wp-json\/wp\/v2\/media?parent=78"}],"wp:term":[{"taxonomy":"category","embeddable":true,"href":"https:\/\/blogs.correiobraziliense.com.br\/servidor\/wp-json\/wp\/v2\/categories?post=78"},{"taxonomy":"post_tag","embeddable":true,"href":"https:\/\/blogs.correiobraziliense.com.br\/servidor\/wp-json\/wp\/v2\/tags?post=78"}],"curies":[{"name":"wp","href":"https:\/\/api.w.org\/{rel}","templated":true}]}}