{"id":7795,"date":"2017-12-28T12:56:46","date_gmt":"2017-12-28T14:56:46","guid":{"rendered":"https:\/\/blogs.correiobraziliense.com.br\/servidor\/?p=7795"},"modified":"2017-12-28T12:56:46","modified_gmt":"2017-12-28T14:56:46","slug":"financiamento-de-bancos-publicos-nota-do-ministro-carlos-marun","status":"publish","type":"post","link":"https:\/\/blogs.correiobraziliense.com.br\/servidor\/financiamento-de-bancos-publicos-nota-do-ministro-carlos-marun\/","title":{"rendered":"Financiamento de bancos p\u00fablicos &#8211; Nota do ministro Carlos Marun"},"content":{"rendered":"<p><em>O ministro chefe da Secretaria de Governo, Carlos Marun, por meio de nota, disse que em momento algum condicionou a libera\u00e7\u00e3o de recursos ao apoio \u00e0 reforma da Previd\u00eancia. <\/em><\/p>\n<p>&#8220;Assisti a citada entrevista e desafio qualquer um a destacar o trecho em que afirmo que financiamentos est\u00e3o condicionados a apoio a necess\u00e1ria Reforma da Previd\u00eancia. Afirmei, como reafirmo, que espero que todos os agentes p\u00fablicos tenham a responsabilidade de contribuir neste momento hist\u00f3rico da vida da Na\u00e7\u00e3o. E afirmei, como reafirmo, que vou dialogar de forma especial com aqueles que est\u00e3o sendo beneficiados por a\u00e7\u00f5es do governo, pleiteando o seu envolvimento no esfor\u00e7o que estamos fazendo para realizar as reformas que o Brasil necessita&#8221;, destaca.<\/p>\n<p>Veja a nota:<\/p>\n<p>&#8220;A rea\u00e7\u00e3o daqueles que querem continuar omitindo a participa\u00e7\u00e3o do Governo Federal nas a\u00e7\u00f5es resultantes de financiamentos obtidos junto aos bancos p\u00fablicos s\u00f3 se justifica pela inten\u00e7\u00e3o de buscar resultados eleitorais exclusivamente para si. Estes defendem a equivocada tese de que quem recebe financiamentos pratica a\u00e7\u00f5es de Governo e que quem os concede, n\u00e3o.<\/p>\n<p>Assisti a citada entrevista e desafio qualquer um a destacar o trecho em que afirmo que financiamentos est\u00e3o condicionados a apoio a necess\u00e1ria Reforma da Previd\u00eancia. Afirmei, como reafirmo, que espero que todos os agentes p\u00fablicos tenham a responsabilidade de contribuir neste momento hist\u00f3rico da vida da Na\u00e7\u00e3o. E afirmei, como reafirmo, que vou dialogar de forma especial com aqueles que est\u00e3o sendo beneficiados por a\u00e7\u00f5es do governo, pleiteando o seu envolvimento no esfor\u00e7o que estamos fazendo para realizar as reformas que o Brasil necessita.<\/p>\n<p>A conduta governamental sempre foi de prest\u00edgio ao princ\u00edpio federativo, ou seja, apoio aos estados e munic\u00edpios. Foi a partir dai que repactuamos a d\u00edvida dos estados dando f\u00f4lego financeiro e de igual maneira fizemos com os munic\u00edpios. Tamb\u00e9m a estes n\u00e3o s\u00f3 parcelamos o d\u00e9bito previdenci\u00e1rio, que eles tinham no ano passado, como partilhamos a multa no processo de repatria\u00e7\u00e3o de divisas.<\/p>\n<p>O Brasil avan\u00e7a. Nossa economia reage. Nada me afastar\u00e1 do objetivo de fazer com que o pa\u00eds n\u00e3o retroceda.<\/p>\n<p>Carlos Marun<br \/>\nMin Chefe da Sec de Governo&#8221;<\/p>\n","protected":false},"excerpt":{"rendered":"<p>O ministro chefe da Secretaria de Governo, Carlos Marun, por meio de nota, disse que em momento algum condicionou a libera\u00e7\u00e3o de recursos ao apoio \u00e0 reforma da Previd\u00eancia. &#8220;Assisti a citada entrevista e desafio qualquer um a destacar o trecho em que afirmo que financiamentos est\u00e3o condicionados a apoio a necess\u00e1ria Reforma da Previd\u00eancia. Afirmei, como reafirmo, que espero [&hellip;]<\/p>\n","protected":false},"author":27,"featured_media":0,"comment_status":"open","ping_status":"closed","sticky":false,"template":"","format":"standard","meta":{"footnotes":""},"categories":[2719],"tags":[203,229,792,744,1752,10381,4624,1460,8811,7620,2208,6176,3362,98,311,5364,2805,7458,37,1120,24,2662,316,9727,1345,1121,10382,10383],"class_list":["post-7795","post","type-post","status-publish","format-standard","hentry","category-servidor","tag-acoes","tag-agentes","tag-apoio","tag-bancos","tag-beneficiados","tag-carlos-marun","tag-contribuir","tag-desafio","tag-dialogar","tag-eleitorais","tag-entrevista","tag-esforco","tag-financiamento","tag-governo","tag-historico","tag-liberacao","tag-momento","tag-nacao","tag-nota","tag-participacao","tag-publicos","tag-reacao","tag-recursos","tag-reforma-da-previdencia","tag-responsabilidade","tag-resultados","tag-secretaria-de-governo","tag-trecho"],"_links":{"self":[{"href":"https:\/\/blogs.correiobraziliense.com.br\/servidor\/wp-json\/wp\/v2\/posts\/7795","targetHints":{"allow":["GET"]}}],"collection":[{"href":"https:\/\/blogs.correiobraziliense.com.br\/servidor\/wp-json\/wp\/v2\/posts"}],"about":[{"href":"https:\/\/blogs.correiobraziliense.com.br\/servidor\/wp-json\/wp\/v2\/types\/post"}],"author":[{"embeddable":true,"href":"https:\/\/blogs.correiobraziliense.com.br\/servidor\/wp-json\/wp\/v2\/users\/27"}],"replies":[{"embeddable":true,"href":"https:\/\/blogs.correiobraziliense.com.br\/servidor\/wp-json\/wp\/v2\/comments?post=7795"}],"version-history":[{"count":1,"href":"https:\/\/blogs.correiobraziliense.com.br\/servidor\/wp-json\/wp\/v2\/posts\/7795\/revisions"}],"predecessor-version":[{"id":7796,"href":"https:\/\/blogs.correiobraziliense.com.br\/servidor\/wp-json\/wp\/v2\/posts\/7795\/revisions\/7796"}],"wp:attachment":[{"href":"https:\/\/blogs.correiobraziliense.com.br\/servidor\/wp-json\/wp\/v2\/media?parent=7795"}],"wp:term":[{"taxonomy":"category","embeddable":true,"href":"https:\/\/blogs.correiobraziliense.com.br\/servidor\/wp-json\/wp\/v2\/categories?post=7795"},{"taxonomy":"post_tag","embeddable":true,"href":"https:\/\/blogs.correiobraziliense.com.br\/servidor\/wp-json\/wp\/v2\/tags?post=7795"}],"curies":[{"name":"wp","href":"https:\/\/api.w.org\/{rel}","templated":true}]}}