{"id":7793,"date":"2017-12-28T12:43:46","date_gmt":"2017-12-28T14:43:46","guid":{"rendered":"https:\/\/blogs.correiobraziliense.com.br\/servidor\/?p=7793"},"modified":"2017-12-28T12:43:46","modified_gmt":"2017-12-28T14:43:46","slug":"ministro-da-saude-anuncia-novo-modelo-de-financiamento-do-sus-para-2018","status":"publish","type":"post","link":"https:\/\/blogs.correiobraziliense.com.br\/servidor\/ministro-da-saude-anuncia-novo-modelo-de-financiamento-do-sus-para-2018\/","title":{"rendered":"Ministro da Sa\u00fade anuncia novo modelo de financiamento do SUS para 2018"},"content":{"rendered":"<p><em>O ministro da Sa\u00fade, Ricardo Barros, anuncia nesta quinta-feira (28), em Bras\u00edlia (DF), novo formato de transfer\u00eancia de verbas federais para os estados e munic\u00edpios. A proposta que entra em vigor em 2018 visa desburocratizar e ampliar monitoramentos dos recursos destinados para a\u00e7\u00f5es em sa\u00fade em todo o pa\u00eds.<\/em><\/p>\n<p>A coletiva ser\u00e1 transmitida, ao vivo, pelo Portal Sa\u00fade, Twitter e pela Web R\u00e1dio Sa\u00fade.<\/p>\n<p>An\u00fancio do novo modelo de financiamento do SUS<\/p>\n<p>Data: 28 de dezembro (quinta-feira)<br \/>\nHor\u00e1rio: 14h30<br \/>\nLocal: Audit\u00f3rio Em\u00edlio Ribas, Edif\u00edcio Sede Minist\u00e9rio da Sa\u00fade, Bloco G, Esplanada dos Minist\u00e9rios \u2013 Bras\u00edlia (DF)<\/p>\n","protected":false},"excerpt":{"rendered":"<p>O ministro da Sa\u00fade, Ricardo Barros, anuncia nesta quinta-feira (28), em Bras\u00edlia (DF), novo formato de transfer\u00eancia de verbas federais para os estados e munic\u00edpios. A proposta que entra em vigor em 2018 visa desburocratizar e ampliar monitoramentos dos recursos destinados para a\u00e7\u00f5es em sa\u00fade em todo o pa\u00eds. A coletiva ser\u00e1 transmitida, ao vivo, pelo Portal Sa\u00fade, Twitter e [&hellip;]<\/p>\n","protected":false},"author":27,"featured_media":0,"comment_status":"open","ping_status":"closed","sticky":false,"template":"","format":"standard","meta":{"footnotes":""},"categories":[2719],"tags":[203,2683,10377,943,59,3362,10376,2242,565,10378,944,198,10379,54,10380,616,2000,591,4426,2223,5500],"class_list":["post-7793","post","type-post","status-publish","format-standard","hentry","category-servidor","tag-acoes","tag-ampliar","tag-desburocratizar","tag-estados","tag-federais","tag-financiamento","tag-formato","tag-ministerio-da-saude","tag-modelo","tag-monitoramentos","tag-municipios","tag-pais","tag-portal-saude","tag-proposta","tag-radio-saude","tag-saude","tag-sus","tag-transferencia","tag-twitter","tag-verbas","tag-web"],"_links":{"self":[{"href":"https:\/\/blogs.correiobraziliense.com.br\/servidor\/wp-json\/wp\/v2\/posts\/7793","targetHints":{"allow":["GET"]}}],"collection":[{"href":"https:\/\/blogs.correiobraziliense.com.br\/servidor\/wp-json\/wp\/v2\/posts"}],"about":[{"href":"https:\/\/blogs.correiobraziliense.com.br\/servidor\/wp-json\/wp\/v2\/types\/post"}],"author":[{"embeddable":true,"href":"https:\/\/blogs.correiobraziliense.com.br\/servidor\/wp-json\/wp\/v2\/users\/27"}],"replies":[{"embeddable":true,"href":"https:\/\/blogs.correiobraziliense.com.br\/servidor\/wp-json\/wp\/v2\/comments?post=7793"}],"version-history":[{"count":1,"href":"https:\/\/blogs.correiobraziliense.com.br\/servidor\/wp-json\/wp\/v2\/posts\/7793\/revisions"}],"predecessor-version":[{"id":7794,"href":"https:\/\/blogs.correiobraziliense.com.br\/servidor\/wp-json\/wp\/v2\/posts\/7793\/revisions\/7794"}],"wp:attachment":[{"href":"https:\/\/blogs.correiobraziliense.com.br\/servidor\/wp-json\/wp\/v2\/media?parent=7793"}],"wp:term":[{"taxonomy":"category","embeddable":true,"href":"https:\/\/blogs.correiobraziliense.com.br\/servidor\/wp-json\/wp\/v2\/categories?post=7793"},{"taxonomy":"post_tag","embeddable":true,"href":"https:\/\/blogs.correiobraziliense.com.br\/servidor\/wp-json\/wp\/v2\/tags?post=7793"}],"curies":[{"name":"wp","href":"https:\/\/api.w.org\/{rel}","templated":true}]}}