{"id":7777,"date":"2017-12-20T11:57:45","date_gmt":"2017-12-20T13:57:45","guid":{"rendered":"https:\/\/blogs.correiobraziliense.com.br\/servidor\/?p=7777"},"modified":"2017-12-20T11:57:45","modified_gmt":"2017-12-20T13:57:45","slug":"proteste-alerta-sobre-aumentos-abusivos-em-mensalidades-escolares-de-2018","status":"publish","type":"post","link":"https:\/\/blogs.correiobraziliense.com.br\/servidor\/proteste-alerta-sobre-aumentos-abusivos-em-mensalidades-escolares-de-2018\/","title":{"rendered":"Proteste alerta sobre aumentos abusivos em mensalidades escolares de 2018"},"content":{"rendered":"<p><i>Reajuste de valores \u00e9 comum nessa \u00e9poca do ano, mas institui\u00e7\u00f5es de ensino precisam comprovar eleva\u00e7\u00e3o de custos para justificar aumentos.<\/i><\/p>\n<p class=\"gmail-MsoNormal\">Nesta\u00a0<span id=\"OBJ_PREFIX_DWT753_com_zimbra_date\" class=\"Object\">quarta<\/span>-feira, 20, a Proteste, Associa\u00e7\u00e3o de Consumidores, divulgou orienta\u00e7\u00f5es \u00a0sobre o aumento abusivo e desproporcional das mensalidades escolares.<\/p>\n<p class=\"gmail-MsoNormal\">Para quem vai renovar a matr\u00edcula, \u00e9 preciso questionar os \u00edndices de reajuste se estiverem muito acima da infla\u00e7\u00e3o e negociar. A institui\u00e7\u00e3o deve justificar porque a mensalidade vai subir e se haver\u00e1 investimento em melhorias, por exemplo.<\/p>\n<p class=\"gmail-MsoNormal\">De acordo com a Lei n\u00ba 9.870, n\u00e3o existe um teto de reajuste escolar, contudo o valor proposto deve estar de acordo com as despesas da escola. Neste caso, segundo a lei, tem que ser apresentada, previamente, uma planilha de custos aos pais &#8211; 45 dias antes do fim do per\u00edodo de matr\u00edcula.<\/p>\n<p class=\"gmail-MsoNormal\">Entre os itens que colaboram para o aumento da mensalidade est\u00e3o: os custos pessoais, material, refor\u00e7o com pedagogos, alugu\u00e9is e encargos. Tamb\u00e9m podem estar inclusos materiais especiais ou constru\u00e7\u00e3o de espa\u00e7os diferenciados, como laborat\u00f3rio de ci\u00eancia ou piscina. O aumento da capacidade de alunos n\u00e3o deve constar nessa lista.<\/p>\n<p class=\"gmail-MsoNormal\">\u201cMesmo no cen\u00e1rio de desacelera\u00e7\u00e3o da infla\u00e7\u00e3o, o aumento das mensalidades escolares costuma ficar acima desta taxa. Isso porque sal\u00e1rios de professores t\u00eam\u00a0aumento real e outros investimentos, tais como equipamentos e franquiamentos de metodologias, s\u00e3o repassados aos consumidores. Entretanto corre\u00e7\u00f5es acima de 7 % ou 8% em um contexto inflacion\u00e1rio de 3% ao ano, s\u00e3o inaceit\u00e1veis e dif\u00edceis de explicar\u201d diz Henrique Lian, diretor da Proteste.<\/p>\n<p class=\"gmail-MsoNormal\">Caso os valores estejam acima do esperado, podem ser questionados pelos pais ou respons\u00e1veis com os diretores da institui\u00e7\u00e3o de ensino. \u201cInfelizmente, \u00e9 pouco comum entre as escolas a divulga\u00e7\u00e3o das contas e a explica\u00e7\u00e3o dos aumentos. Ela deveria ser exposta de maneira transparente, como em um condom\u00ednio\u201d, acrescenta Lian.<\/p>\n<p class=\"gmail-MsoNormal\">Informar-se sobre onde o dinheiro ser\u00e1 investido \u00e9 direito do consumidor e, se n\u00e3o satisfeito com os porqu\u00eas, a Proteste sugere que os pais se unam\u00a0por meio da Associa\u00e7\u00e3o de Pais e pe\u00e7am a planilha de custos da escola.\u00a0Se a escola fizer alguma exig\u00eancia que desrespeite o\u00a0<span id=\"OBJ_PREFIX_DWT755_com_zimbra_url\" class=\"Object\"><a href=\"http:\/\/www.proteste.org.br\/dinheiro\/nc\/noticia\/coletanea-da-proteste-comemora-25-anos-do-codigo-de-defesa-do-consumidor\" target=\"_blank\">C\u00f3digo de Defesa do Consumidor<\/a><\/span>, denuncie.<\/p>\n<p class=\"gmail-MsoNormal\">Sem acordo, existe a possibilidade das a\u00e7\u00f5es coletivas dos consumidores.<\/p>\n<p class=\"gmail-MsoNormal\">Veja alguns cuidados para o momento da rematr\u00edcula:<\/p>\n<p class=\"gmail-MsoNormal\">\u00a0A Institui\u00e7\u00e3o de ensino deve apresentar planilha ou justificativa de custos quando prop\u00f5e um aumento de mensalidade superior ao \u00edndice de infla\u00e7\u00e3o. O consumidor pode questionar:<\/p>\n<ol start=\"1\" type=\"1\">\n<li class=\"gmail-MsoNormal\">Uma lei federal (9870\/1999) pro\u00edbe a exig\u00eancia de materiais de uso coletivo como papel higi\u00eanico, giz, produtos de limpeza entre outros que n\u00e3o sejam os materiais did\u00e1ticos e de uso pessoal;<\/li>\n<li class=\"gmail-MsoNormal\">A escola n\u00e3o est\u00e1 obrigada a aceitar o parcelamento da d\u00edvida, mas\u00a0n\u00e3o pode reter qualquer documento, caso o aluno inadimplente decida se transferir para outra escola;<\/li>\n<li class=\"gmail-MsoNormal\">De acordo com a Lei n\u00ba 9870\/99, o atraso no pagamento das mensalidades n\u00e3o pode acarretar puni\u00e7\u00f5es como: afastamento do aluno das aulas, proibi-lo de fazer provas ou qualquer outro tipo de puni\u00e7\u00e3o;<\/li>\n<li class=\"gmail-MsoNormal\">N\u00e3o deve ser exigida a presen\u00e7a ou anu\u00eancia de fiador para firmar a rematr\u00edcula. Esta \u00e9 uma pr\u00e1tica abusiva por parte de algumas escolas;<\/li>\n<li class=\"gmail-MsoNormal\">\u00c9 permitida a cobran\u00e7a de taxa de material escolar, mas s\u00f3 pode ser obrigat\u00f3ria se o produto solicitado n\u00e3o for encontrado em outros locais, como s\u00e3os os casos de apostila e material pedag\u00f3gico espec\u00edfico da escola;<\/li>\n<li class=\"gmail-MsoNormal\">Durante a rematr\u00edcula, o respons\u00e1vel financeiro n\u00e3o dever\u00e1 pagar valor extra por \u201catividades extracurriculares\u201d de forma obrigat\u00f3ria, discriminada ou n\u00e3o na mensalidade. Estas atividades s\u00e3o opcionais e devem ser cobradas separadamente ou ainda descritas no boleto ou documento que comprove sua realiza\u00e7\u00e3o<\/li>\n<\/ol>\n","protected":false},"excerpt":{"rendered":"<p>Reajuste de valores \u00e9 comum nessa \u00e9poca do ano, mas institui\u00e7\u00f5es de ensino precisam comprovar eleva\u00e7\u00e3o de custos para justificar aumentos. Nesta\u00a0quarta-feira, 20, a Proteste, Associa\u00e7\u00e3o de Consumidores, divulgou orienta\u00e7\u00f5es \u00a0sobre o aumento abusivo e desproporcional das mensalidades escolares. Para quem vai renovar a matr\u00edcula, \u00e9 preciso questionar os \u00edndices de reajuste se estiverem muito acima da infla\u00e7\u00e3o e negociar. [&hellip;]<\/p>\n","protected":false},"author":27,"featured_media":0,"comment_status":"open","ping_status":"closed","sticky":false,"template":"","format":"standard","meta":{"footnotes":""},"categories":[2719],"tags":[1214,138,5193,3977,10348,8087,3353,1568,235,5034,1296,5092,10353,10352,3654,240,1416,217,1008,3302,7587,10350,801,2544,1057,4010,10351,1704,10131,6375,690,10349,642,1808],"class_list":["post-7777","post","type-post","status-publish","format-standard","hentry","category-servidor","tag-abusivos","tag-alerta","tag-alugueis","tag-aumentos","tag-comprovar","tag-construcao","tag-correcoes","tag-custos","tag-despesas","tag-encargos","tag-ensino","tag-equipamentos","tag-franquiamentos","tag-ganho-real","tag-indices","tag-inflacao","tag-instituicoes","tag-investimento","tag-investimentos","tag-justificar","tag-material","tag-matricula","tag-melhorias","tag-mensalidade","tag-mensalidades","tag-metodologia","tag-pedagogos","tag-pessoais","tag-planilha","tag-proteste","tag-reajustes","tag-renovar","tag-teto","tag-valores"],"_links":{"self":[{"href":"https:\/\/blogs.correiobraziliense.com.br\/servidor\/wp-json\/wp\/v2\/posts\/7777","targetHints":{"allow":["GET"]}}],"collection":[{"href":"https:\/\/blogs.correiobraziliense.com.br\/servidor\/wp-json\/wp\/v2\/posts"}],"about":[{"href":"https:\/\/blogs.correiobraziliense.com.br\/servidor\/wp-json\/wp\/v2\/types\/post"}],"author":[{"embeddable":true,"href":"https:\/\/blogs.correiobraziliense.com.br\/servidor\/wp-json\/wp\/v2\/users\/27"}],"replies":[{"embeddable":true,"href":"https:\/\/blogs.correiobraziliense.com.br\/servidor\/wp-json\/wp\/v2\/comments?post=7777"}],"version-history":[{"count":1,"href":"https:\/\/blogs.correiobraziliense.com.br\/servidor\/wp-json\/wp\/v2\/posts\/7777\/revisions"}],"predecessor-version":[{"id":7778,"href":"https:\/\/blogs.correiobraziliense.com.br\/servidor\/wp-json\/wp\/v2\/posts\/7777\/revisions\/7778"}],"wp:attachment":[{"href":"https:\/\/blogs.correiobraziliense.com.br\/servidor\/wp-json\/wp\/v2\/media?parent=7777"}],"wp:term":[{"taxonomy":"category","embeddable":true,"href":"https:\/\/blogs.correiobraziliense.com.br\/servidor\/wp-json\/wp\/v2\/categories?post=7777"},{"taxonomy":"post_tag","embeddable":true,"href":"https:\/\/blogs.correiobraziliense.com.br\/servidor\/wp-json\/wp\/v2\/tags?post=7777"}],"curies":[{"name":"wp","href":"https:\/\/api.w.org\/{rel}","templated":true}]}}