{"id":7772,"date":"2017-12-19T18:23:59","date_gmt":"2017-12-19T20:23:59","guid":{"rendered":"https:\/\/blogs.correiobraziliense.com.br\/servidor\/?p=7772"},"modified":"2017-12-19T18:23:59","modified_gmt":"2017-12-19T20:23:59","slug":"indenizacao-de-fronteira-tera-lista-de-localidades-aprovada-amanha-garante-diretor-geral-da-pf","status":"publish","type":"post","link":"https:\/\/blogs.correiobraziliense.com.br\/servidor\/indenizacao-de-fronteira-tera-lista-de-localidades-aprovada-amanha-garante-diretor-geral-da-pf\/","title":{"rendered":"Indeniza\u00e7\u00e3o de fronteira ter\u00e1 lista de localidades aprovada amanh\u00e3, garante diretor-geral da PF"},"content":{"rendered":"<p><em>O diretor-geral da Pol\u00edcia Federal, Fernando Seg\u00f3via, nesta tarde, divulgou \u00e0 Fenapef e ao Sinpef\/RS (que representam agentes, escriv\u00e3es e papiloscopistas) que o ministro do Planejamento, Dyogo Oliveira, confirmou que amanh\u00e3 (20\/12) ser\u00e1 publicada lista de localidades a serem contempladas pela indeniza\u00e7\u00e3o.<\/em><\/p>\n<p>Os representantes da Federa\u00e7\u00e3o Nacional dos Policiais Federais (Fenapef) e do Sindicato dos Policiais Federais do Rio Grande do Sul (Sinpef\/RS) se reuniram com o diretor-geral da Pol\u00edcia Federal, Fernando Seg\u00f3via, na tarde de hoje (19) para tratar de assuntos de interesse da carreira. Uma das pautas do encontro, a indeniza\u00e7\u00e3o de fronteira, teve um desfecho feliz, de acordo com a Fenapef. Seg\u00f3via declarou que, antes da reuni\u00e3o, teria recebido um telefonema do ministro Dyogo Oliveira, informando que amanh\u00e3 (20\/12) ser\u00e1 publicada lista de localidades a serem contempladas pela indeniza\u00e7\u00e3o.<\/p>\n<p>O presidente da Fenapef, Lu\u00eds Ant\u00f4nio Boudens, espera que as expectativas dos policiais sejam refletidas na vers\u00e3o final da lista. \u201cA Fenapef firmou posi\u00e7\u00e3o de defesa de todas as 48 localidades que constaram na ata de reuni\u00e3o assinada pelos gestores da PF, PRF e Receita Federal e que foram defendidas desde o in\u00edcio pela federa\u00e7\u00e3o. Caso haja exclus\u00e3o de localidades, o departamento jur\u00eddico j\u00e1 foi acionado para que sejam impetradas a\u00e7\u00f5es judiciais com intuito de reinclus\u00e3o dessas lota\u00e7\u00f5es\u201d, afirmou.<\/p>\n<p>O Decreto que regulamenta o pagamento do subs\u00eddio foi assinado h\u00e1 duas semanas pelo presidente Michel Temer, ap\u00f3s tr\u00eas anos de reivindica\u00e7\u00f5es da Federa\u00e7\u00e3o e dos sindicatos que representam a carreira Policial Federal.<\/p>\n<p>De acordo com o presidente do Sinpef\/RS, Ubiratan Sanderson, \u201d \u00e9 o final de uma luta longa travada pelos representantes dos policiais federais e essa medida vai dar mais efici\u00eancia ao trabalho na fronteira e em locais de dif\u00edcil provimento. A fixa\u00e7\u00e3o do policial federal por um tempo maior nessas \u00e1reas, que t\u00eam uma representatividade estrat\u00e9gica para seguran\u00e7a nacional, propiciar\u00e1 mais qualidade ao trabalho de fiscaliza\u00e7\u00e3o, de intelig\u00eancia e de investiga\u00e7\u00e3o das organiza\u00e7\u00f5es criminosas\u201d, afirmou.<\/p>\n<p><strong>Fenapef na Fronteira<\/strong><br \/>\nAl\u00e9m da regulamenta\u00e7\u00e3o da Lei de Indeniza\u00e7\u00e3o de Fronteira, de 2013, a Fenapef lan\u00e7ou, h\u00e1 poucos meses, o projeto Fenapef na Fronteira. Diretores da Federa\u00e7\u00e3o j\u00e1 percorreram quase 4 mil quil\u00f4metros de fronteira seca para identificar as principais dificuldades dos policiais lotados nesses postos.<\/p>\n<p>&nbsp;<\/p>\n","protected":false},"excerpt":{"rendered":"<p>O diretor-geral da Pol\u00edcia Federal, Fernando Seg\u00f3via, nesta tarde, divulgou \u00e0 Fenapef e ao Sinpef\/RS (que representam agentes, escriv\u00e3es e papiloscopistas) que o ministro do Planejamento, Dyogo Oliveira, confirmou que amanh\u00e3 (20\/12) ser\u00e1 publicada lista de localidades a serem contempladas pela indeniza\u00e7\u00e3o. Os representantes da Federa\u00e7\u00e3o Nacional dos Policiais Federais (Fenapef) e do Sindicato dos Policiais Federais do Rio Grande [&hellip;]<\/p>\n","protected":false},"author":27,"featured_media":0,"comment_status":"open","ping_status":"closed","sticky":false,"template":"","format":"standard","meta":{"footnotes":""},"categories":[2719],"tags":[203,229,1176,188,10344,3655,5006,788,3106,823,107,10340,4394,10339,2086,5315,986,7993,10343,10345,35,789,17,3,110,293,10341,10342,5946],"class_list":["post-7772","post","type-post","status-publish","format-standard","hentry","category-servidor","tag-acoes","tag-agentes","tag-aprovada","tag-carreira","tag-contempladas","tag-desfecho","tag-diretor-geral","tag-escrivaes","tag-exclusao","tag-expectativas","tag-fenapef","tag-fernando-segovia","tag-final","tag-indenizacao-de-fronteira","tag-judiciais","tag-juridico","tag-lista","tag-localidade","tag-localidades","tag-lotacoes","tag-ministro","tag-papiloscopistas","tag-pauta","tag-planejamento","tag-policiais","tag-reuniao","tag-sinpefrs","tag-telefonema","tag-versao"],"_links":{"self":[{"href":"https:\/\/blogs.correiobraziliense.com.br\/servidor\/wp-json\/wp\/v2\/posts\/7772","targetHints":{"allow":["GET"]}}],"collection":[{"href":"https:\/\/blogs.correiobraziliense.com.br\/servidor\/wp-json\/wp\/v2\/posts"}],"about":[{"href":"https:\/\/blogs.correiobraziliense.com.br\/servidor\/wp-json\/wp\/v2\/types\/post"}],"author":[{"embeddable":true,"href":"https:\/\/blogs.correiobraziliense.com.br\/servidor\/wp-json\/wp\/v2\/users\/27"}],"replies":[{"embeddable":true,"href":"https:\/\/blogs.correiobraziliense.com.br\/servidor\/wp-json\/wp\/v2\/comments?post=7772"}],"version-history":[{"count":1,"href":"https:\/\/blogs.correiobraziliense.com.br\/servidor\/wp-json\/wp\/v2\/posts\/7772\/revisions"}],"predecessor-version":[{"id":7773,"href":"https:\/\/blogs.correiobraziliense.com.br\/servidor\/wp-json\/wp\/v2\/posts\/7772\/revisions\/7773"}],"wp:attachment":[{"href":"https:\/\/blogs.correiobraziliense.com.br\/servidor\/wp-json\/wp\/v2\/media?parent=7772"}],"wp:term":[{"taxonomy":"category","embeddable":true,"href":"https:\/\/blogs.correiobraziliense.com.br\/servidor\/wp-json\/wp\/v2\/categories?post=7772"},{"taxonomy":"post_tag","embeddable":true,"href":"https:\/\/blogs.correiobraziliense.com.br\/servidor\/wp-json\/wp\/v2\/tags?post=7772"}],"curies":[{"name":"wp","href":"https:\/\/api.w.org\/{rel}","templated":true}]}}