{"id":7762,"date":"2017-12-18T19:25:51","date_gmt":"2017-12-18T21:25:51","guid":{"rendered":"https:\/\/blogs.correiobraziliense.com.br\/servidor\/?p=7762"},"modified":"2017-12-18T19:25:51","modified_gmt":"2017-12-18T21:25:51","slug":"supersalarios-comissao-ouve-ministro-do-planejamento-e-presidente-da-oab-nesta-terca-feira","status":"publish","type":"post","link":"https:\/\/blogs.correiobraziliense.com.br\/servidor\/supersalarios-comissao-ouve-ministro-do-planejamento-e-presidente-da-oab-nesta-terca-feira\/","title":{"rendered":"Supersal\u00e1rios: Comiss\u00e3o ouve ministro do Planejamento e presidente da OAB nesta ter\u00e7a-feira"},"content":{"rendered":"<p><em>As verbas indenizat\u00f3rias, principalmente no Judici\u00e1rio, fazem que os subs\u00eddios ultrapassem os R$ 50 mil, quando o teto \u00e9 hoje de pouco mais de R$ 33 mil<\/em><\/p>\n<p>A Comiss\u00e3o especial da C\u00e2mara que analisa o projeto (PL 6726\/16) que regulamenta o teto salarial dos servidores p\u00fablicos ouve nesta ter\u00e7a-feira (19), \u00e0s 14 horas, o ministro do Planejamento, Dyogo Henrique de Oliveira, e o presidente do Conselho Federal da OAB, Cl\u00e1udio Pacheco Prates Lamachia. A audi\u00eancia, que vai debater a ado\u00e7\u00e3o de regras que minimizem os pagamentos acima do teto, acontece no plen\u00e1rio 14 do anexo II da C\u00e2mara.<\/p>\n<p>De acordo com o relator do projeto, deputado federal Rubens Bueno (PPS-PR), um dos principais desafios da comiss\u00e3o \u00e9 diminuir drasticamente o pagamento das chamadas verbas indenizat\u00f3rias que engordam o contracheque de um grupo privilegiado de servidores j\u00e1 que, por lei, elas n\u00e3o podem ser consideradas para efeito de corte salarial.<\/p>\n<p>\u201cPor causa dessas verbas temos sal\u00e1rios, principalmente no Judici\u00e1rio, que chegam a ultrapassar os R$ 50 mil, quando o teto \u00e9 hoje de pouco mais de R$ 33 mil. S\u00e3o aux\u00edlios como o concedido para moradia e outros penduricalhos usados para burlar o teto. No Judici\u00e1rio, por exemplo, mesmo o juiz que tem casa pr\u00f3pria na Comarca recebe o aux\u00edlio. Ou seja, do jeito que \u00e9 hoje ele n\u00e3o indeniza, ele claramente remunera e deveria ser levado em conta no c\u00e1lculo do teto\u201d, explica o deputado, lembrando que o mesmo tipo de subterf\u00fagio, em menor escala, \u00e9 utilizado no Executivo e no Legislativo.<\/p>\n<p>Para Rubens Bueno, a grande miss\u00e3o da comiss\u00e3o \u00e9 definir o que pode e o que n\u00e3o pode ser considerado verba indenizat\u00f3ria. \u201cAt\u00e9 porque isso virou uma farra com o objetivo de inflar os sal\u00e1rios de uma minoria privilegiada de servidores p\u00fablicos\u201d, disse.<\/p>\n<p>O relat\u00f3rio do deputado deve ser apresentado no in\u00edcio do pr\u00f3ximo ano quando ir\u00e1 a vota\u00e7\u00e3o na comiss\u00e3o e depois segue para o plen\u00e1rio da C\u00e2mara.<\/p>\n<p>\u201cNossa inten\u00e7\u00e3o era ter conclu\u00eddo o relat\u00f3rio em novembro para que a mat\u00e9ria fosse analisada pelo plen\u00e1rio da C\u00e2mara ainda em 2017. Infelizmente, por atraso no envio de dados por parte do Poder Judici\u00e1rio, s\u00f3 poderemos votar a proposta em 2018\u201d, lamentou Rubens Bueno.<\/p>\n<p>SERVI\u00c7O:<\/p>\n<p>O qu\u00ea:\u00a0Audi\u00eancia P\u00fablica para discuss\u00e3o do Projeto de Lei 6.726 de 2016 que regulamenta o teto salarial dos servidores p\u00fablicos.<br \/>\nQuando:\u00a0Dia 19 de dezembro, \u00e0s 14 horas .<br \/>\nLocal:\u00a0Anexo II, Plen\u00e1rio 14 da C\u00e2mara dos Deputados.<\/p>\n<p>Convidados:<br \/>\n\u2013 DYOGO HENRIQUE DE OLIVEIRA \u2013 Ministro do Planejamento, Desenvolvimento e Gest\u00e3o<br \/>\n\u2013 CL\u00c1UDIO PACHECO PRATES LAMACHIA \u2013 Presidente do Conselho Federal da OAB<\/p>\n","protected":false},"excerpt":{"rendered":"<p>As verbas indenizat\u00f3rias, principalmente no Judici\u00e1rio, fazem que os subs\u00eddios ultrapassem os R$ 50 mil, quando o teto \u00e9 hoje de pouco mais de R$ 33 mil A Comiss\u00e3o especial da C\u00e2mara que analisa o projeto (PL 6726\/16) que regulamenta o teto salarial dos servidores p\u00fablicos ouve nesta ter\u00e7a-feira (19), \u00e0s 14 horas, o ministro do Planejamento, Dyogo Henrique de [&hellip;]<\/p>\n","protected":false},"author":27,"featured_media":0,"comment_status":"open","ping_status":"closed","sticky":false,"template":"","format":"standard","meta":{"footnotes":""},"categories":[2719],"tags":[3491,1150,3351,258,9,3309,5714,64,429,10,2681,2843,378,151,2785,81,1815,18,2799,10333,6702,642,2223],"class_list":["post-7762","post","type-post","status-publish","format-standard","hentry","category-servidor","tag-burlar","tag-comissao","tag-contracheque","tag-corte","tag-executivo","tag-grupo","tag-indenizatorias","tag-judiciario","tag-juiz","tag-legislativo","tag-ministro-do-planejamento","tag-moradia","tag-oab","tag-pagamento","tag-penduricalhos","tag-presidente","tag-privilegiado","tag-salarial","tag-subsidios","tag-subterfugio","tag-supersalarios","tag-teto","tag-verbas"],"_links":{"self":[{"href":"https:\/\/blogs.correiobraziliense.com.br\/servidor\/wp-json\/wp\/v2\/posts\/7762","targetHints":{"allow":["GET"]}}],"collection":[{"href":"https:\/\/blogs.correiobraziliense.com.br\/servidor\/wp-json\/wp\/v2\/posts"}],"about":[{"href":"https:\/\/blogs.correiobraziliense.com.br\/servidor\/wp-json\/wp\/v2\/types\/post"}],"author":[{"embeddable":true,"href":"https:\/\/blogs.correiobraziliense.com.br\/servidor\/wp-json\/wp\/v2\/users\/27"}],"replies":[{"embeddable":true,"href":"https:\/\/blogs.correiobraziliense.com.br\/servidor\/wp-json\/wp\/v2\/comments?post=7762"}],"version-history":[{"count":1,"href":"https:\/\/blogs.correiobraziliense.com.br\/servidor\/wp-json\/wp\/v2\/posts\/7762\/revisions"}],"predecessor-version":[{"id":7763,"href":"https:\/\/blogs.correiobraziliense.com.br\/servidor\/wp-json\/wp\/v2\/posts\/7762\/revisions\/7763"}],"wp:attachment":[{"href":"https:\/\/blogs.correiobraziliense.com.br\/servidor\/wp-json\/wp\/v2\/media?parent=7762"}],"wp:term":[{"taxonomy":"category","embeddable":true,"href":"https:\/\/blogs.correiobraziliense.com.br\/servidor\/wp-json\/wp\/v2\/categories?post=7762"},{"taxonomy":"post_tag","embeddable":true,"href":"https:\/\/blogs.correiobraziliense.com.br\/servidor\/wp-json\/wp\/v2\/tags?post=7762"}],"curies":[{"name":"wp","href":"https:\/\/api.w.org\/{rel}","templated":true}]}}