{"id":7753,"date":"2017-12-15T20:29:00","date_gmt":"2017-12-15T22:29:00","guid":{"rendered":"https:\/\/blogs.correiobraziliense.com.br\/servidor\/?p=7753"},"modified":"2017-12-15T20:29:00","modified_gmt":"2017-12-15T22:29:00","slug":"forca-tarefa-greenfield-quer-garantir-melhorias-na-gestao-da-caixa-economica-federal","status":"publish","type":"post","link":"https:\/\/blogs.correiobraziliense.com.br\/servidor\/forca-tarefa-greenfield-quer-garantir-melhorias-na-gestao-da-caixa-economica-federal\/","title":{"rendered":"For\u00e7a-Tarefa Greenfield quer garantir melhorias na gest\u00e3o da Caixa Econ\u00f4mica Federal"},"content":{"rendered":"<p>Recomenda\u00e7\u00e3o pede altera\u00e7\u00e3o na forma de escolha de gestores e troca de vice-presidentes<\/p>\n<p>O Minist\u00e9rio P\u00fablico Federal em Bras\u00edlia (MPF\/DF), por meio da For\u00e7a-Tarefa Greenfield, enviou recomenda\u00e7\u00e3o \u00e0 Caixa Econ\u00f4mica Federal (CEF) e \u00e0 Casa Civil da Presid\u00eancia da Rep\u00fablica. Encaminhado nesta <span id=\"OBJ_PREFIX_DWT2859_com_zimbra_date\" class=\"Object\"><span id=\"OBJ_PREFIX_DWT2867_com_zimbra_date\" class=\"Object\">sexta<\/span><\/span>-feira (15), o documento \u00e9 baseado na compila\u00e7\u00e3o dos resultados da investiga\u00e7\u00e3o do Comit\u00ea Independente da CEF, instaurado pelo seu Conselho de Administra\u00e7\u00e3o com o objetivo de contribuir com a melhoria da gest\u00e3o da institui\u00e7\u00e3o.<\/p>\n<p>Na recomenda\u00e7\u00e3o, os procuradores da Rep\u00fablica prop\u00f5em uma nova forma de sele\u00e7\u00e3o de altos funcion\u00e1rios que permita maior independ\u00eancia e transpar\u00eancia nas decis\u00f5es estrat\u00e9gicas da institui\u00e7\u00e3o. Al\u00e9m de solicitar o processo seletivo objetivo para a escolha dos gestores, a For\u00e7a Tarefa pede a troca imediata dos atuais vice-presidentes da CEF.<\/p>\n<p><span id=\"OBJ_PREFIX_DWT2860_com_zimbra_url\" class=\"Object\"><span id=\"OBJ_PREFIX_DWT2868_com_zimbra_url\" class=\"Object\"><a class=\"internal-link\" title=\"Recomenda\u00e7\u00e3o CEF\" href=\"http:\/\/www.mpf.mp.br\/df\/sala-de-imprensa\/docs\/recomendacao-cef\" target=\"_blank\">Clique para ter acesso \u00e0 \u00edntegra da recomenda\u00e7\u00e3o. <\/a><\/span><\/span><\/p>\n<p>Clique para <span id=\"OBJ_PREFIX_DWT2861_com_zimbra_date\" class=\"Object\"><span id=\"OBJ_PREFIX_DWT2869_com_zimbra_date\" class=\"Object\">ter<\/span><\/span> acesso aos of\u00edcios enviados \u00e0 <span id=\"OBJ_PREFIX_DWT2862_com_zimbra_url\" class=\"Object\"><span id=\"OBJ_PREFIX_DWT2870_com_zimbra_url\" class=\"Object\"><a class=\"internal-link\" title=\"Of\u00edcio PGR\" href=\"http:\/\/www.mpf.mp.br\/df\/sala-de-imprensa\/docs\/oficio-pgr\" target=\"_blank\">Procuradoria Geral da Rep\u00fablica<\/a><\/span><\/span>, ao <span id=\"OBJ_PREFIX_DWT2863_com_zimbra_url\" class=\"Object\"><span id=\"OBJ_PREFIX_DWT2871_com_zimbra_url\" class=\"Object\"><a class=\"internal-link\" title=\"Of\u00edcio Casa Civil\" href=\"http:\/\/www.mpf.mp.br\/df\/sala-de-imprensa\/docs\/oficio-casa-civil\" target=\"_blank\">ministro da Casa Civil<\/a><\/span><\/span> e ao <span id=\"OBJ_PREFIX_DWT2864_com_zimbra_url\" class=\"Object\"><span id=\"OBJ_PREFIX_DWT2872_com_zimbra_url\" class=\"Object\"><a class=\"internal-link\" title=\"of\u00edcio \" href=\"http:\/\/www.mpf.mp.br\/df\/sala-de-imprensa\/docs\/oficio-presidente-cef\" target=\"_blank\">presidente da CEF<\/a><\/span><\/span>.<\/p>\n","protected":false},"excerpt":{"rendered":"<p>Recomenda\u00e7\u00e3o pede altera\u00e7\u00e3o na forma de escolha de gestores e troca de vice-presidentes O Minist\u00e9rio P\u00fablico Federal em Bras\u00edlia (MPF\/DF), por meio da For\u00e7a-Tarefa Greenfield, enviou recomenda\u00e7\u00e3o \u00e0 Caixa Econ\u00f4mica Federal (CEF) e \u00e0 Casa Civil da Presid\u00eancia da Rep\u00fablica. Encaminhado nesta sexta-feira (15), o documento \u00e9 baseado na compila\u00e7\u00e3o dos resultados da investiga\u00e7\u00e3o do Comit\u00ea Independente da CEF, instaurado [&hellip;]<\/p>\n","protected":false},"author":27,"featured_media":0,"comment_status":"open","ping_status":"closed","sticky":false,"template":"","format":"standard","meta":{"footnotes":""},"categories":[2719],"tags":[701,10316,5099,10319,10320,1864,804,10317,4444,10315,315,4384,263,722,89,8750,1121,168,1862,10318],"class_list":["post-7753","post","type-post","status-publish","format-standard","hentry","category-servidor","tag-caixa-economica-federal","tag-casa-civil-da-presidencia-da-republica","tag-cef","tag-comite-independente","tag-conselho-de-adminsitracao","tag-decisoes","tag-documento","tag-escolha-alteacao","tag-estrategicas","tag-forca-tarefa-greenfield","tag-gestao","tag-gestores","tag-independencia","tag-investigacao","tag-mpfdf","tag-recomendacao","tag-resultados","tag-transparencia","tag-troca","tag-vice-presidentes"],"_links":{"self":[{"href":"https:\/\/blogs.correiobraziliense.com.br\/servidor\/wp-json\/wp\/v2\/posts\/7753","targetHints":{"allow":["GET"]}}],"collection":[{"href":"https:\/\/blogs.correiobraziliense.com.br\/servidor\/wp-json\/wp\/v2\/posts"}],"about":[{"href":"https:\/\/blogs.correiobraziliense.com.br\/servidor\/wp-json\/wp\/v2\/types\/post"}],"author":[{"embeddable":true,"href":"https:\/\/blogs.correiobraziliense.com.br\/servidor\/wp-json\/wp\/v2\/users\/27"}],"replies":[{"embeddable":true,"href":"https:\/\/blogs.correiobraziliense.com.br\/servidor\/wp-json\/wp\/v2\/comments?post=7753"}],"version-history":[{"count":1,"href":"https:\/\/blogs.correiobraziliense.com.br\/servidor\/wp-json\/wp\/v2\/posts\/7753\/revisions"}],"predecessor-version":[{"id":7754,"href":"https:\/\/blogs.correiobraziliense.com.br\/servidor\/wp-json\/wp\/v2\/posts\/7753\/revisions\/7754"}],"wp:attachment":[{"href":"https:\/\/blogs.correiobraziliense.com.br\/servidor\/wp-json\/wp\/v2\/media?parent=7753"}],"wp:term":[{"taxonomy":"category","embeddable":true,"href":"https:\/\/blogs.correiobraziliense.com.br\/servidor\/wp-json\/wp\/v2\/categories?post=7753"},{"taxonomy":"post_tag","embeddable":true,"href":"https:\/\/blogs.correiobraziliense.com.br\/servidor\/wp-json\/wp\/v2\/tags?post=7753"}],"curies":[{"name":"wp","href":"https:\/\/api.w.org\/{rel}","templated":true}]}}