{"id":7736,"date":"2017-12-14T12:57:05","date_gmt":"2017-12-14T14:57:05","guid":{"rendered":"https:\/\/blogs.correiobraziliense.com.br\/servidor\/?p=7736"},"modified":"2017-12-14T12:57:05","modified_gmt":"2017-12-14T14:57:05","slug":"servidores-fazem-enterro-simbolico-da-reforma-da-previdencia","status":"publish","type":"post","link":"https:\/\/blogs.correiobraziliense.com.br\/servidor\/servidores-fazem-enterro-simbolico-da-reforma-da-previdencia\/","title":{"rendered":"Servidores fazem enterro simb\u00f3lico da reforma da Previd\u00eancia"},"content":{"rendered":"<p>Ato aconteceu essa manh\u00e3 no Sal\u00e3o Verde da C\u00e2mara dos Deputados<\/p>\n<p>https:\/\/youtu.be\/NPMtJdj8nGU<\/p>\n","protected":false},"excerpt":{"rendered":"<p>Ato aconteceu essa manh\u00e3 no Sal\u00e3o Verde da C\u00e2mara dos Deputados https:\/\/youtu.be\/NPMtJdj8nGU<\/p>\n","protected":false},"author":27,"featured_media":0,"comment_status":"open","ping_status":"closed","sticky":false,"template":"","format":"standard","meta":{"footnotes":""},"categories":[2719],"tags":[1531,10279,9727,10280,58,1745],"class_list":["post-7736","post","type-post","status-publish","format-standard","hentry","category-servidor","tag-camara-dos-deputados","tag-enterro","tag-reforma-da-previdencia","tag-salao-verde","tag-servidores","tag-simbolico"],"_links":{"self":[{"href":"https:\/\/blogs.correiobraziliense.com.br\/servidor\/wp-json\/wp\/v2\/posts\/7736","targetHints":{"allow":["GET"]}}],"collection":[{"href":"https:\/\/blogs.correiobraziliense.com.br\/servidor\/wp-json\/wp\/v2\/posts"}],"about":[{"href":"https:\/\/blogs.correiobraziliense.com.br\/servidor\/wp-json\/wp\/v2\/types\/post"}],"author":[{"embeddable":true,"href":"https:\/\/blogs.correiobraziliense.com.br\/servidor\/wp-json\/wp\/v2\/users\/27"}],"replies":[{"embeddable":true,"href":"https:\/\/blogs.correiobraziliense.com.br\/servidor\/wp-json\/wp\/v2\/comments?post=7736"}],"version-history":[{"count":1,"href":"https:\/\/blogs.correiobraziliense.com.br\/servidor\/wp-json\/wp\/v2\/posts\/7736\/revisions"}],"predecessor-version":[{"id":7737,"href":"https:\/\/blogs.correiobraziliense.com.br\/servidor\/wp-json\/wp\/v2\/posts\/7736\/revisions\/7737"}],"wp:attachment":[{"href":"https:\/\/blogs.correiobraziliense.com.br\/servidor\/wp-json\/wp\/v2\/media?parent=7736"}],"wp:term":[{"taxonomy":"category","embeddable":true,"href":"https:\/\/blogs.correiobraziliense.com.br\/servidor\/wp-json\/wp\/v2\/categories?post=7736"},{"taxonomy":"post_tag","embeddable":true,"href":"https:\/\/blogs.correiobraziliense.com.br\/servidor\/wp-json\/wp\/v2\/tags?post=7736"}],"curies":[{"name":"wp","href":"https:\/\/api.w.org\/{rel}","templated":true}]}}