{"id":7712,"date":"2017-12-11T18:21:46","date_gmt":"2017-12-11T20:21:46","guid":{"rendered":"https:\/\/blogs.correiobraziliense.com.br\/servidor\/?p=7712"},"modified":"2017-12-11T18:21:46","modified_gmt":"2017-12-11T20:21:46","slug":"gabarito-do-concurso-dos-correios-ja-esta-disponivel","status":"publish","type":"post","link":"https:\/\/blogs.correiobraziliense.com.br\/servidor\/gabarito-do-concurso-dos-correios-ja-esta-disponivel\/","title":{"rendered":"Gabarito do concurso dos Correios j\u00e1 est\u00e1 dispon\u00edvel"},"content":{"rendered":"<p><em>O gabarito preliminar e os cadernos de prova j\u00e1 est\u00e3o dispon\u00edveis no site da <a href=\"http:\/\/www.iades.com.br\/inscricao\">organizadora do concurso<\/a>. Os recursos contra o documento preliminar dever\u00e3o ser online, por meio do Ambiente do Candidato, at\u00e9 quarta-feira (13), informou a estatal, por meio de nota<\/em><\/p>\n<p>No \u00faltimo domingo (10) foram aplicadas as provas do concurso p\u00fablico dos Correios para o preenchimento de vagas na \u00e1rea de Seguran\u00e7a e Medicina do Trabalho. Realizado pela banca IADES, as provas ocorreram em todos os Estados, com exce\u00e7\u00e3o do Mato Grosso.<\/p>\n<p>O gabarito preliminar e os cadernos de prova j\u00e1 est\u00e3o dispon\u00edveis no site da <a href=\"http:\/\/www.iades.com.br\/inscricao\">organizadora do concurso<\/a>. Os recursos contra o gabarito preliminar dever\u00e3o ser interpostos online, por meio do Ambiente do Candidato, at\u00e9 quarta-feira (13).<\/p>\n<p>&#8220;Os candidatos aprovados em todas as fases da sele\u00e7\u00e3o ser\u00e3o chamados a assinar contrato individual de trabalho com os Correios, de acordo com a classifica\u00e7\u00e3o obtida, a localidade selecionada e as necessidades da empresa. O contrato de trabalho ser\u00e1 regido pelos preceitos da Consolida\u00e7\u00e3o da Leis do Trabalho \u2013 CLT, inclusive no que diz respeito ao per\u00edodo de experi\u00eancia e \u00e0 rescis\u00e3o, sujeitando-se \u00e0s normas do Regulamento Interno de Pessoal e do Plano de Carreiras, Cargos e Sal\u00e1rios dos Correios&#8221;, destacou a nota.<\/p>\n<p>Outras informa\u00e7\u00f5es sobre o concurso poder\u00e3o ser obtidas no edital, no site da organizadora ou no <a href=\"http:\/\/www2.correios.com.br\/institucional\/concursos\/correios\/\">site dos Correios<\/a>.<\/p>\n","protected":false},"excerpt":{"rendered":"<p>O gabarito preliminar e os cadernos de prova j\u00e1 est\u00e3o dispon\u00edveis no site da organizadora do concurso. Os recursos contra o documento preliminar dever\u00e3o ser online, por meio do Ambiente do Candidato, at\u00e9 quarta-feira (13), informou a estatal, por meio de nota No \u00faltimo domingo (10) foram aplicadas as provas do concurso p\u00fablico dos Correios para o preenchimento de vagas [&hellip;]<\/p>\n","protected":false},"author":27,"featured_media":0,"comment_status":"open","ping_status":"closed","sticky":false,"template":"","format":"standard","meta":{"footnotes":""},"categories":[2719],"tags":[234,10235,791,55,3400,10236,93,745,20,5154,5183,10234,9130,2470,4658,10237,3071,316,4857,3003,30,2936,703],"class_list":["post-7712","post","type-post","status-publish","format-standard","hentry","category-servidor","tag-aprovados","tag-cadernos","tag-cargos","tag-carreiras","tag-classificacao","tag-clr","tag-concurso","tag-contrato","tag-correios","tag-disponivel","tag-experiencia","tag-gabarito","tag-iades","tag-individual","tag-online","tag-palno","tag-prova","tag-recursos","tag-regulamento","tag-rescisao","tag-salarios","tag-site","tag-vagas"],"_links":{"self":[{"href":"https:\/\/blogs.correiobraziliense.com.br\/servidor\/wp-json\/wp\/v2\/posts\/7712","targetHints":{"allow":["GET"]}}],"collection":[{"href":"https:\/\/blogs.correiobraziliense.com.br\/servidor\/wp-json\/wp\/v2\/posts"}],"about":[{"href":"https:\/\/blogs.correiobraziliense.com.br\/servidor\/wp-json\/wp\/v2\/types\/post"}],"author":[{"embeddable":true,"href":"https:\/\/blogs.correiobraziliense.com.br\/servidor\/wp-json\/wp\/v2\/users\/27"}],"replies":[{"embeddable":true,"href":"https:\/\/blogs.correiobraziliense.com.br\/servidor\/wp-json\/wp\/v2\/comments?post=7712"}],"version-history":[{"count":1,"href":"https:\/\/blogs.correiobraziliense.com.br\/servidor\/wp-json\/wp\/v2\/posts\/7712\/revisions"}],"predecessor-version":[{"id":7713,"href":"https:\/\/blogs.correiobraziliense.com.br\/servidor\/wp-json\/wp\/v2\/posts\/7712\/revisions\/7713"}],"wp:attachment":[{"href":"https:\/\/blogs.correiobraziliense.com.br\/servidor\/wp-json\/wp\/v2\/media?parent=7712"}],"wp:term":[{"taxonomy":"category","embeddable":true,"href":"https:\/\/blogs.correiobraziliense.com.br\/servidor\/wp-json\/wp\/v2\/categories?post=7712"},{"taxonomy":"post_tag","embeddable":true,"href":"https:\/\/blogs.correiobraziliense.com.br\/servidor\/wp-json\/wp\/v2\/tags?post=7712"}],"curies":[{"name":"wp","href":"https:\/\/api.w.org\/{rel}","templated":true}]}}