{"id":7706,"date":"2017-12-11T14:55:03","date_gmt":"2017-12-11T16:55:03","guid":{"rendered":"https:\/\/blogs.correiobraziliense.com.br\/servidor\/?p=7706"},"modified":"2017-12-11T14:55:03","modified_gmt":"2017-12-11T16:55:03","slug":"auditores-fazem-manifestacao-pelo-bonus-e-para-derrubar-reforma-da-previdencia","status":"publish","type":"post","link":"https:\/\/blogs.correiobraziliense.com.br\/servidor\/auditores-fazem-manifestacao-pelo-bonus-e-para-derrubar-reforma-da-previdencia\/","title":{"rendered":"Auditores fazem manifesta\u00e7\u00e3o pelo b\u00f4nus e para derrubar reforma da Previd\u00eancia"},"content":{"rendered":"<p><em>Ser\u00e3o 72 horas de movimenta\u00e7\u00f5es e protestos, conforme aprovado em assembleia nacional, semana passada:\u00a0 ter\u00e7a-feira, em frente ao Minist\u00e9rio do Planejamento, bloco K, a partir das 10h. Quarta e quinta-feiras, dentro e fora do Congresso, ao longo do dia<\/em><\/p>\n<p>Auditores-Fiscais da Receita Federal estar\u00e3o na capital, a partir de amanh\u00e3, para mostrar a insatisfa\u00e7\u00e3o contra o governo federal que at\u00e9 agora n\u00e3o resolveu a quest\u00e3o do b\u00f4nus de produtividade e efici\u00eancia e ainda quer, com a reforma da Previd\u00eancia, cassar direitos dos trabalhadores do servi\u00e7o p\u00fablico e da iniciativa privada, anunciou o Sindicato Nacional dos Auditores Riscais da Receita Federal (Sindifisco).<\/p>\n<p>O Sindicato Nacional dos Auditores Fiscais da Receita Federal (Sindifisco Nacional) deu todos os prazos necess\u00e1rios para que o governo federal ajustasse o b\u00f4nus, concluindo o acordo salarial fechado ainda na gest\u00e3o de Dilma Rousseff. Nada foi cumprido e desde 1\u00ba de novembro a categoria cruzou os bra\u00e7os, relembrou o sindicato.<\/p>\n<p>Mas se o b\u00f4nus \u00e9 uma demanda dos Auditores-Fiscais, a derrubada da PEC 287\/16 \u00e9 uma exig\u00eancia do funcionalismo, ressaltou. Por isso, a caravana do Sindifisco Nacional se juntar\u00e1 ao ato p\u00fablico promovido pelo Fonacate (F\u00f3rum Nacional das Carreiras T\u00edpicas de Estado) e \u00e0 press\u00e3o sobre os deputados, antes de a mat\u00e9ria ser votada em primeiro turno.<\/p>\n<p>O Sindifisco Nacional contesta, ainda, a aus\u00eancia de uma regra de transi\u00e7\u00e3o para quem entrou no servi\u00e7o p\u00fablico at\u00e9 2003, que tem direito \u00e0 paridade e \u00e0 integralidade. Por isso, trabalha pela coloca\u00e7\u00e3o de um destaque que retire do teto da PEC a exig\u00eancia de completar 65 e 62 anos de idade para a aposentadoria desses servidores.<\/p>\n<p><strong>SERVI\u00c7O<\/strong><br \/>\nO qu\u00ea? Manifesta\u00e7\u00e3o dos Auditores-Fiscais.<br \/>\nQuando? Na ter\u00e7a-feira, em frente ao Minist\u00e9rio do Planejamento, a partir das 10h. Quarta e quinta-feira, no Congresso, ao longo do dia.<br \/>\nOnde? Ter\u00e7a, bloco K da Esplanada dos Minist\u00e9rios. Quarta e quinta-feira, dentro e fora do Congresso.<\/p>\n","protected":false},"excerpt":{"rendered":"<p>Ser\u00e3o 72 horas de movimenta\u00e7\u00f5es e protestos, conforme aprovado em assembleia nacional, semana passada:\u00a0 ter\u00e7a-feira, em frente ao Minist\u00e9rio do Planejamento, bloco K, a partir das 10h. Quarta e quinta-feiras, dentro e fora do Congresso, ao longo do dia Auditores-Fiscais da Receita Federal estar\u00e3o na capital, a partir de amanh\u00e3, para mostrar a insatisfa\u00e7\u00e3o contra o governo federal que at\u00e9 [&hellip;]<\/p>\n","protected":false},"author":27,"featured_media":0,"comment_status":"open","ping_status":"closed","sticky":false,"template":"","format":"standard","meta":{"footnotes":""},"categories":[2719],"tags":[112,518,31,1468,10227,693,10226,619,6001,82,1164,98,15,9673,1151,141,2212,1136,555,294,9727,18,597,19],"class_list":["post-7706","post","type-post","status-publish","format-standard","hentry","category-servidor","tag-acordo","tag-assembleia","tag-auditores","tag-bonus-de-eficiencia","tag-caravana","tag-congresso-nacional","tag-cruzou-os-bracos","tag-direitos","tag-exigencia","tag-fonacate","tag-funcionalismo","tag-governo","tag-greve","tag-iniciativa-privada","tag-manifestacao","tag-ministerio-do-planejamento","tag-pressao","tag-produtividade","tag-protestos","tag-receita-federal","tag-reforma-da-previdencia","tag-salarial","tag-sindifisco","tag-trabalhadores"],"_links":{"self":[{"href":"https:\/\/blogs.correiobraziliense.com.br\/servidor\/wp-json\/wp\/v2\/posts\/7706","targetHints":{"allow":["GET"]}}],"collection":[{"href":"https:\/\/blogs.correiobraziliense.com.br\/servidor\/wp-json\/wp\/v2\/posts"}],"about":[{"href":"https:\/\/blogs.correiobraziliense.com.br\/servidor\/wp-json\/wp\/v2\/types\/post"}],"author":[{"embeddable":true,"href":"https:\/\/blogs.correiobraziliense.com.br\/servidor\/wp-json\/wp\/v2\/users\/27"}],"replies":[{"embeddable":true,"href":"https:\/\/blogs.correiobraziliense.com.br\/servidor\/wp-json\/wp\/v2\/comments?post=7706"}],"version-history":[{"count":1,"href":"https:\/\/blogs.correiobraziliense.com.br\/servidor\/wp-json\/wp\/v2\/posts\/7706\/revisions"}],"predecessor-version":[{"id":7707,"href":"https:\/\/blogs.correiobraziliense.com.br\/servidor\/wp-json\/wp\/v2\/posts\/7706\/revisions\/7707"}],"wp:attachment":[{"href":"https:\/\/blogs.correiobraziliense.com.br\/servidor\/wp-json\/wp\/v2\/media?parent=7706"}],"wp:term":[{"taxonomy":"category","embeddable":true,"href":"https:\/\/blogs.correiobraziliense.com.br\/servidor\/wp-json\/wp\/v2\/categories?post=7706"},{"taxonomy":"post_tag","embeddable":true,"href":"https:\/\/blogs.correiobraziliense.com.br\/servidor\/wp-json\/wp\/v2\/tags?post=7706"}],"curies":[{"name":"wp","href":"https:\/\/api.w.org\/{rel}","templated":true}]}}