{"id":7700,"date":"2017-12-08T20:54:27","date_gmt":"2017-12-08T22:54:27","guid":{"rendered":"https:\/\/blogs.correiobraziliense.com.br\/servidor\/?p=7700"},"modified":"2017-12-08T20:54:27","modified_gmt":"2017-12-08T22:54:27","slug":"centrais-deflagram-estado-de-greve","status":"publish","type":"post","link":"https:\/\/blogs.correiobraziliense.com.br\/servidor\/centrais-deflagram-estado-de-greve\/","title":{"rendered":"Centrais deflagram estado de greve"},"content":{"rendered":"<p>A greve acontecer\u00e1 no dia em que for colocada na pauta de vota\u00e7\u00e3o a reforma da Previd\u00eancia: \u201cse botar para votar, o Brasil vai parar\u201d, afirmam as entidades.<\/p>\n<p>Depois de suspender uma mobiliza\u00e7\u00e3o agendada para 5 de dezembro, em reuni\u00e3o na sede da CUT nesta sexta-feira (8), as centrais sindicais do Brasil \u2013 CUT, For\u00e7a Sindical, CTB, UGT, Nova Central, Intersindical,\u00a0Conlutas e\u00a0CGTB \u2013 definiram o estado de greve contra a reforma da Previd\u00eancia. Uma nova reuni\u00e3o j\u00e1 foi agendada para o pr\u00f3ximo dia 14 para avaliar as movimenta\u00e7\u00f5es na C\u00e2mara dos Deputados e a poss\u00edvel an\u00e1lise do texto da reforma em pauta.<\/p>\n<p>\u201cA greve acontecer\u00e1 no dia em que os golpistas colocarem para votar a nova proposta de reforma\u201d, disse Vagner Freitas, presidente da CUT.<\/p>\n<p>As centrais prometeram, durante todo o m\u00eas de dezembro, fazer uma jornada de lutas com seus sindicatos, federa\u00e7\u00f5es e confedera\u00e7\u00f5es, aquecer e\u00a0preparar a greve em todo o Brasil.<\/p>\n<p>&#8220;O centro da estrat\u00e9gia discutida na reuni\u00e3o desta sexta \u00e9 impedir a vota\u00e7\u00e3o da nova reforma da Previd\u00eancia, utilizando todo o tipo de press\u00e3o j\u00e1 a partir deste domingo (10), quando come\u00e7a a jornada de luta, que consiste em a\u00e7\u00f5es como, abordagem aos parlamentares nos aeroportos, idas aos gabinetes dos deputados e deputadas, den\u00fancias em suas bases eleitorais, assembleias com os trabalhadores e trabalhadoras, panfletagens \u00e0 popula\u00e7\u00e3o, informaram, por meio de nota, as centrais sindicais.<\/p>\n<p>O dia 13, quarta-feira, foi considerado especial para a base da CUT mobilizar os trabalhadores e as trabalhadoras com atos em todas as capitais e grandes cidades, visitas \u00e0s bases dos parlamentares e panfletagens. \u201cTudo isso \u00e9 um aquecimento para greve que faremos no dia em que a C\u00e2mara colocar a proposta em vota\u00e7\u00e3o\u201d, salienta Vagner.<\/p>\n<p>&#8220;Com esse tipo de a\u00e7\u00f5es impedimos a aprova\u00e7\u00e3o do desmonte da aposentadoria at\u00e9 agora&#8217;, lembra Vagner. \u201cEles n\u00e3o votaram porque n\u00f3s conseguimos disputar a opini\u00e3o p\u00fablica e vencer. O povo entendeu que n\u00e3o \u00e9 reforma, \u00e9 desmonte, \u00e9 o fim do direito de se aposentar.\u201d<\/p>\n<p>Segundo Vagner, a press\u00e3o nas bases eleitorais dos parlamentares e a mobiliza\u00e7\u00e3o das categorias em todo o Brasil est\u00e3o surtindo efeito. \u201cN\u00e3o podemos ter d\u00favidas disso. Precisamos intensificar as a\u00e7\u00f5es na pr\u00f3xima semana e, se for necess\u00e1rio, a greve ser\u00e1 mais um instrumento da nossa luta\u201d, explica o dirigente.<\/p>\n<p>Vagner diz que vai ter greve, sim, mas isso s\u00f3 ocorrer\u00e1 quando a C\u00e2mara colocar na pauta a vota\u00e7\u00e3o da nova proposta de reforma. \u201cO dia em que colocarem para votar, n\u00f3s vamos parar o Brasil\u201d, garante o presidente da CUT.<br \/>\nO secret\u00e1rio-geral da CUT, S\u00e9rgio Nobre, explica o presidente Temer (PMDB-SP) n\u00e3o tem a menor preocupa\u00e7\u00e3o com a classe trabalhadora, nem mesmo com a opini\u00e3o p\u00fablica, j\u00e1 que se conformou com a popularidade de 1% nas pesquisas.<\/p>\n<p>\u201cEle tem uma tarefa a cumprir e est\u00e1 sendo pressionado para isso. Votar a reforma da Previd\u00eancia a qualquer custo este ano \u00e9 o recado que o governo precisa dar ao mercado\u201d, diz S\u00e9rgio.<\/p>\n<p>Segundo ele, quem tem preocupa\u00e7\u00e3o com a opini\u00e3o p\u00fablica s\u00e3o os deputados, pois est\u00e3o de olho nas elei\u00e7\u00f5es de 2018. \u201cO governo sabe que ano que vem pode ter mais dificuldade em passar a reforma, por isso est\u00e1 tentando de tudo para aprovar e nossa tarefa urgente neste momento \u00e9 manter a press\u00e3o\u201d.<\/p>\n<p>O presidente da CUT, Vagner Freitas, refor\u00e7a que a base da Central est\u00e1 em estado de greve e pode cruzar os bra\u00e7os a qualquer momento. \u201cEstamos criando as condi\u00e7\u00f5es necess\u00e1rias para que os sindicatos e os trabalhadores e trabalhadoras possam realizar uma grande e excelente greve\u201d, explica.<\/p>\n<p>\u201cA CUT est\u00e1 junto dos seus sindicatos na constru\u00e7\u00e3o da greve para o que der e vier\u201d, completa.<\/p>\n<p>\u201cA greve geral do dia 28 de abril \u00e9 um excelente exemplo do que podemos fazer caso ousem votar a reforma da Previd\u00eancia na \u00faltima semana antes do recesso parlamentar\u201d, alerta Vagner.<\/p>\n","protected":false},"excerpt":{"rendered":"<p>A greve acontecer\u00e1 no dia em que for colocada na pauta de vota\u00e7\u00e3o a reforma da Previd\u00eancia: \u201cse botar para votar, o Brasil vai parar\u201d, afirmam as entidades. Depois de suspender uma mobiliza\u00e7\u00e3o agendada para 5 de dezembro, em reuni\u00e3o na sede da CUT nesta sexta-feira (8), as centrais sindicais do Brasil \u2013 CUT, For\u00e7a Sindical, CTB, UGT, Nova Central, [&hellip;]<\/p>\n","protected":false},"author":27,"featured_media":0,"comment_status":"open","ping_status":"closed","sticky":false,"template":"","format":"standard","meta":{"footnotes":""},"categories":[2719],"tags":[603,3808,1257,164,61,1259,3326,756,10218,2383,999,457,3969,7620,56,2134,3329,870,10219,15,3327,1623,2967,1888,268,17,2212,9727,3801,2966,118],"class_list":["post-7700","post","type-post","status-publish","format-standard","hentry","category-servidor","tag-aeroportos","tag-assembleias","tag-bases","tag-brasil","tag-camara","tag-centrais","tag-cgtb","tag-confederacoes","tag-conlutas","tag-ctb","tag-cut","tag-denuncias","tag-domingo","tag-eleitorais","tag-estado","tag-estrategia","tag-federacoes","tag-forca-sindical","tag-gabinetes","tag-greve","tag-intersindical","tag-jornada","tag-nova-central","tag-parar","tag-parlamentares","tag-pauta","tag-pressao","tag-reforma-da-previdencia","tag-sindicatos","tag-ugt","tag-votar"],"_links":{"self":[{"href":"https:\/\/blogs.correiobraziliense.com.br\/servidor\/wp-json\/wp\/v2\/posts\/7700","targetHints":{"allow":["GET"]}}],"collection":[{"href":"https:\/\/blogs.correiobraziliense.com.br\/servidor\/wp-json\/wp\/v2\/posts"}],"about":[{"href":"https:\/\/blogs.correiobraziliense.com.br\/servidor\/wp-json\/wp\/v2\/types\/post"}],"author":[{"embeddable":true,"href":"https:\/\/blogs.correiobraziliense.com.br\/servidor\/wp-json\/wp\/v2\/users\/27"}],"replies":[{"embeddable":true,"href":"https:\/\/blogs.correiobraziliense.com.br\/servidor\/wp-json\/wp\/v2\/comments?post=7700"}],"version-history":[{"count":1,"href":"https:\/\/blogs.correiobraziliense.com.br\/servidor\/wp-json\/wp\/v2\/posts\/7700\/revisions"}],"predecessor-version":[{"id":7701,"href":"https:\/\/blogs.correiobraziliense.com.br\/servidor\/wp-json\/wp\/v2\/posts\/7700\/revisions\/7701"}],"wp:attachment":[{"href":"https:\/\/blogs.correiobraziliense.com.br\/servidor\/wp-json\/wp\/v2\/media?parent=7700"}],"wp:term":[{"taxonomy":"category","embeddable":true,"href":"https:\/\/blogs.correiobraziliense.com.br\/servidor\/wp-json\/wp\/v2\/categories?post=7700"},{"taxonomy":"post_tag","embeddable":true,"href":"https:\/\/blogs.correiobraziliense.com.br\/servidor\/wp-json\/wp\/v2\/tags?post=7700"}],"curies":[{"name":"wp","href":"https:\/\/api.w.org\/{rel}","templated":true}]}}