{"id":7693,"date":"2017-12-08T12:55:08","date_gmt":"2017-12-08T14:55:08","guid":{"rendered":"https:\/\/blogs.correiobraziliense.com.br\/servidor\/?p=7693"},"modified":"2017-12-08T12:55:08","modified_gmt":"2017-12-08T14:55:08","slug":"brasil-pede-adesao-ao-comite-de-concorrencia-da-ocde","status":"publish","type":"post","link":"https:\/\/blogs.correiobraziliense.com.br\/servidor\/brasil-pede-adesao-ao-comite-de-concorrencia-da-ocde\/","title":{"rendered":"Brasil pede ades\u00e3o ao Comit\u00ea de Concorr\u00eancia da OCDE"},"content":{"rendered":"<p><i>Iniciativa \u00e9 resultado de negocia\u00e7\u00f5es entre o Cade e o Minist\u00e9rio das Rela\u00e7\u00f5es Exteriores<\/i><\/p>\n<p>Nesta sexta-feira (08\/12), durante o F\u00f3rum Global sobre Concorr\u00eancia, em Paris, o presidente do Conselho Administrativo de Defesa Econ\u00f4mica (Cade), Alexandre Barreto, entregou pessoalmente ao chefe da Divis\u00e3o de Concorr\u00eancia da OCDE, Ant\u00f4nio Gomes, carta com o pedido de ades\u00e3o do Brasil como membro permanente do Comit\u00ea de Concorr\u00eancia.<\/p>\n<p>A iniciativa faz parte de uma a\u00e7\u00e3o coordenada com o Minist\u00e9rio das Rela\u00e7\u00f5es Exteriores, que manifestou formalmente a inten\u00e7\u00e3o do pa\u00eds em carta enviada ao secret\u00e1rio-geral da entidade, Angel Gurr\u00eda, na quinta-feira (07\/12), em conson\u00e2ncia com a estrat\u00e9gia do governo brasileiro de participar mais ativamente da OCDE.<\/p>\n<p>Para o Cade, a participa\u00e7\u00e3o mais ativa no Comit\u00ea de Concorr\u00eancia contribuir\u00e1 para a continuidade e estreitamento dos la\u00e7os de coopera\u00e7\u00e3o com a OCDE, e favorecer\u00e1 a intera\u00e7\u00e3o com a autoridades nacionais de defesa da concorr\u00eancia de diversos pa\u00edses e a exposi\u00e7\u00e3o das posi\u00e7\u00f5es brasileiras em mat\u00e9ria concorrencial, influenciando o debate internacional na mat\u00e9ria e futuros trabalhos da Organiza\u00e7\u00e3o.<\/p>\n<p><strong>Comit\u00ea de Concorr\u00eancia<\/strong><\/p>\n<p>A OCDE \u00e9 estruturada em diversos Diret\u00f3rios, subdivididos em Comit\u00eas que se re\u00fanem periodicamente para discutir diferentes temas como macroeconomia, com\u00e9rcio, desenvolvimento, educa\u00e7\u00e3o, ci\u00eancia e inova\u00e7\u00e3o. Criado h\u00e1 mais de 50 anos, o Comit\u00ea de Concorr\u00eancia conta com dois grupos de trabalho que tratam da interface entre concorr\u00eancia e regula\u00e7\u00e3o e da coopera\u00e7\u00e3o e implementa\u00e7\u00e3o das leis antitrustes.<\/p>\n<p>O pedido de ades\u00e3o do Brasil ao Comit\u00ea de Concorr\u00eancia \u00e9 percebido como uma consequ\u00eancia natural da participa\u00e7\u00e3o do Cade nos encontros anuais sobre concorr\u00eancia da OCDE.<\/p>\n<p>Apesar de n\u00e3o ser um pa\u00eds membro da Organiza\u00e7\u00e3o, o Brasil, por interm\u00e9dio do Cade, atua, na condi\u00e7\u00e3o de membro observador, nos f\u00f3runs e apresenta regularmente contribui\u00e7\u00f5es escritas para subsidiar as discuss\u00f5es. A Lei Brasileira de Defesa da Concorr\u00eancia, inclusive, foi largamente inspirada nas recomenda\u00e7\u00f5es, estudos e revis\u00f5es feitas pela Organiza\u00e7\u00e3o, resultando em in\u00fameros benef\u00edcios ao Sistema Brasileiro de Defesa da Concorr\u00eancia.<\/p>\n","protected":false},"excerpt":{"rendered":"<p>Iniciativa \u00e9 resultado de negocia\u00e7\u00f5es entre o Cade e o Minist\u00e9rio das Rela\u00e7\u00f5es Exteriores Nesta sexta-feira (08\/12), durante o F\u00f3rum Global sobre Concorr\u00eancia, em Paris, o presidente do Conselho Administrativo de Defesa Econ\u00f4mica (Cade), Alexandre Barreto, entregou pessoalmente ao chefe da Divis\u00e3o de Concorr\u00eancia da OCDE, Ant\u00f4nio Gomes, carta com o pedido de ades\u00e3o do Brasil como membro permanente do [&hellip;]<\/p>\n","protected":false},"author":27,"featured_media":0,"comment_status":"open","ping_status":"closed","sticky":false,"template":"","format":"standard","meta":{"footnotes":""},"categories":[2719],"tags":[474,10200,1935,164,954,301,10197,1178,1201,9037,2684,10199,10198,2126,6800,452],"class_list":["post-7693","post","type-post","status-publish","format-standard","hentry","category-servidor","tag-adesao","tag-antitruste","tag-autoridades","tag-brasil","tag-cade","tag-carta","tag-comite-de-concorrencia","tag-cooperacao","tag-defesa","tag-discussoes","tag-interacao","tag-leiis","tag-membro-permanente","tag-mre","tag-ocde","tag-recomendacoes"],"_links":{"self":[{"href":"https:\/\/blogs.correiobraziliense.com.br\/servidor\/wp-json\/wp\/v2\/posts\/7693","targetHints":{"allow":["GET"]}}],"collection":[{"href":"https:\/\/blogs.correiobraziliense.com.br\/servidor\/wp-json\/wp\/v2\/posts"}],"about":[{"href":"https:\/\/blogs.correiobraziliense.com.br\/servidor\/wp-json\/wp\/v2\/types\/post"}],"author":[{"embeddable":true,"href":"https:\/\/blogs.correiobraziliense.com.br\/servidor\/wp-json\/wp\/v2\/users\/27"}],"replies":[{"embeddable":true,"href":"https:\/\/blogs.correiobraziliense.com.br\/servidor\/wp-json\/wp\/v2\/comments?post=7693"}],"version-history":[{"count":1,"href":"https:\/\/blogs.correiobraziliense.com.br\/servidor\/wp-json\/wp\/v2\/posts\/7693\/revisions"}],"predecessor-version":[{"id":7694,"href":"https:\/\/blogs.correiobraziliense.com.br\/servidor\/wp-json\/wp\/v2\/posts\/7693\/revisions\/7694"}],"wp:attachment":[{"href":"https:\/\/blogs.correiobraziliense.com.br\/servidor\/wp-json\/wp\/v2\/media?parent=7693"}],"wp:term":[{"taxonomy":"category","embeddable":true,"href":"https:\/\/blogs.correiobraziliense.com.br\/servidor\/wp-json\/wp\/v2\/categories?post=7693"},{"taxonomy":"post_tag","embeddable":true,"href":"https:\/\/blogs.correiobraziliense.com.br\/servidor\/wp-json\/wp\/v2\/tags?post=7693"}],"curies":[{"name":"wp","href":"https:\/\/api.w.org\/{rel}","templated":true}]}}