{"id":7678,"date":"2017-12-06T17:53:40","date_gmt":"2017-12-06T19:53:40","guid":{"rendered":"https:\/\/blogs.correiobraziliense.com.br\/servidor\/?p=7678"},"modified":"2017-12-06T17:53:40","modified_gmt":"2017-12-06T19:53:40","slug":"consultoria-do-senado-aponta-gasto-de-r-16-bilhao-com-auxilio-moradia-apenas-do-judiciario-e-no-mpu","status":"publish","type":"post","link":"https:\/\/blogs.correiobraziliense.com.br\/servidor\/consultoria-do-senado-aponta-gasto-de-r-16-bilhao-com-auxilio-moradia-apenas-do-judiciario-e-no-mpu\/","title":{"rendered":"Consultoria do Senado aponta gasto de R$ 1,6 bilh\u00e3o com aux\u00edlio-moradia apenas do Judici\u00e1rio e no MPU"},"content":{"rendered":"<p>Estudo da Consultoria Legislativa do Senado Federal, a pedido do Senador Randolfe Rodrigues, autor da PEC n\u00ba 41\/2017, que extingue o aux\u00edlio-moradia, aponta gasto estimado de R$ 1.627.990.232,40 com esse privil\u00e9gio, apenas no Poder Judici\u00e1rio, Minist\u00e9rio P\u00fablico e Tribunais de Contas da Uni\u00e3o e dos estados e DF.<\/p>\n<p>Randolfe tamb\u00e9m requereu \u00e0 Consultoria de Or\u00e7amento da Casa o impacto or\u00e7ament\u00e1rio das despesas totais com esse benef\u00edcio nos tr\u00eas poderes da Uni\u00e3o, mas ainda n\u00e3o obteve o detalhamento. Com a soma dos gastos dos demais Poderes, esse valor possivelmente ultrapassar\u00e1 a cifra de R$ 2 bilh\u00f5es.<\/p>\n<p>Para Randolfe, o primeiro passo para uma discuss\u00e3o qualificada e reflexiva da mat\u00e9ria \u00e9 conhecer o valor gasto pelos contribuintes em todos os Poderes com tal benef\u00edcio, para que o debate n\u00e3o fique concentrado apenas em parcela das autoridades, mas antes alcance o Estado brasileiro de modo amplo e equ\u00e2nime.<\/p>\n","protected":false},"excerpt":{"rendered":"<p>Estudo da Consultoria Legislativa do Senado Federal, a pedido do Senador Randolfe Rodrigues, autor da PEC n\u00ba 41\/2017, que extingue o aux\u00edlio-moradia, aponta gasto estimado de R$ 1.627.990.232,40 com esse privil\u00e9gio, apenas no Poder Judici\u00e1rio, Minist\u00e9rio P\u00fablico e Tribunais de Contas da Uni\u00e3o e dos estados e DF. Randolfe tamb\u00e9m requereu \u00e0 Consultoria de Or\u00e7amento da Casa o impacto or\u00e7ament\u00e1rio [&hellip;]<\/p>\n","protected":false},"author":27,"featured_media":0,"comment_status":"open","ping_status":"closed","sticky":false,"template":"","format":"standard","meta":{"footnotes":""},"categories":[2719],"tags":[1935,343,960,1841,235,68,943,1635,833,64,2788,10166,4569,696,5348,330],"class_list":["post-7678","post","type-post","status-publish","format-standard","hentry","category-servidor","tag-autoridades","tag-auxilio-moradia","tag-bilhoes","tag-consultoria","tag-despesas","tag-df","tag-estados","tag-gasto","tag-impacto","tag-judiciario","tag-mpu","tag-orcameno","tag-privilegio","tag-senado","tag-tribunal-de-contas","tag-uniao"],"_links":{"self":[{"href":"https:\/\/blogs.correiobraziliense.com.br\/servidor\/wp-json\/wp\/v2\/posts\/7678","targetHints":{"allow":["GET"]}}],"collection":[{"href":"https:\/\/blogs.correiobraziliense.com.br\/servidor\/wp-json\/wp\/v2\/posts"}],"about":[{"href":"https:\/\/blogs.correiobraziliense.com.br\/servidor\/wp-json\/wp\/v2\/types\/post"}],"author":[{"embeddable":true,"href":"https:\/\/blogs.correiobraziliense.com.br\/servidor\/wp-json\/wp\/v2\/users\/27"}],"replies":[{"embeddable":true,"href":"https:\/\/blogs.correiobraziliense.com.br\/servidor\/wp-json\/wp\/v2\/comments?post=7678"}],"version-history":[{"count":1,"href":"https:\/\/blogs.correiobraziliense.com.br\/servidor\/wp-json\/wp\/v2\/posts\/7678\/revisions"}],"predecessor-version":[{"id":7679,"href":"https:\/\/blogs.correiobraziliense.com.br\/servidor\/wp-json\/wp\/v2\/posts\/7678\/revisions\/7679"}],"wp:attachment":[{"href":"https:\/\/blogs.correiobraziliense.com.br\/servidor\/wp-json\/wp\/v2\/media?parent=7678"}],"wp:term":[{"taxonomy":"category","embeddable":true,"href":"https:\/\/blogs.correiobraziliense.com.br\/servidor\/wp-json\/wp\/v2\/categories?post=7678"},{"taxonomy":"post_tag","embeddable":true,"href":"https:\/\/blogs.correiobraziliense.com.br\/servidor\/wp-json\/wp\/v2\/tags?post=7678"}],"curies":[{"name":"wp","href":"https:\/\/api.w.org\/{rel}","templated":true}]}}