{"id":7676,"date":"2017-12-06T17:48:57","date_gmt":"2017-12-06T19:48:57","guid":{"rendered":"https:\/\/blogs.correiobraziliense.com.br\/servidor\/?p=7676"},"modified":"2017-12-06T17:48:57","modified_gmt":"2017-12-06T19:48:57","slug":"reuniao-com-o-ministro-do-planejamento-dyogo-oliveira","status":"publish","type":"post","link":"https:\/\/blogs.correiobraziliense.com.br\/servidor\/reuniao-com-o-ministro-do-planejamento-dyogo-oliveira\/","title":{"rendered":"Reuni\u00e3o com o ministro do Planejamento, Dyogo Oliveira"},"content":{"rendered":"<p>O governador de Bras\u00edlia, Rodrigo Rollemberg, se re\u00fane-se nesta quarta-feira (6), \u00e0s 17h30, com o ministro do Planejamento, Dyogo Oliveira.<\/p>\n<p><strong>Servi\u00e7o<\/strong>: <u>Reuni\u00e3o com o ministro do Planejamento, Dyogo Oliveira<\/u><\/p>\n<p><strong>Hor\u00e1rio: <\/strong>17h30<\/p>\n<p><strong>Local:<\/strong> Esplanada dos Minist\u00e9rios, bloco K, 7\u00ba andar<\/p>\n","protected":false},"excerpt":{"rendered":"<p>O governador de Bras\u00edlia, Rodrigo Rollemberg, se re\u00fane-se nesta quarta-feira (6), \u00e0s 17h30, com o ministro do Planejamento, Dyogo Oliveira. Servi\u00e7o: Reuni\u00e3o com o ministro do Planejamento, Dyogo Oliveira Hor\u00e1rio: 17h30 Local: Esplanada dos Minist\u00e9rios, bloco K, 7\u00ba andar<\/p>\n","protected":false},"author":27,"featured_media":0,"comment_status":"open","ping_status":"closed","sticky":false,"template":"","format":"standard","meta":{"footnotes":""},"categories":[2719],"tags":[867,2255,3285,35,3,293,5608],"class_list":["post-7676","post","type-post","status-publish","format-standard","hentry","category-servidor","tag-brasilia","tag-dyogo-oliveira","tag-governador","tag-ministro","tag-planejamento","tag-reuniao","tag-rodrigo-rollemberg"],"_links":{"self":[{"href":"https:\/\/blogs.correiobraziliense.com.br\/servidor\/wp-json\/wp\/v2\/posts\/7676","targetHints":{"allow":["GET"]}}],"collection":[{"href":"https:\/\/blogs.correiobraziliense.com.br\/servidor\/wp-json\/wp\/v2\/posts"}],"about":[{"href":"https:\/\/blogs.correiobraziliense.com.br\/servidor\/wp-json\/wp\/v2\/types\/post"}],"author":[{"embeddable":true,"href":"https:\/\/blogs.correiobraziliense.com.br\/servidor\/wp-json\/wp\/v2\/users\/27"}],"replies":[{"embeddable":true,"href":"https:\/\/blogs.correiobraziliense.com.br\/servidor\/wp-json\/wp\/v2\/comments?post=7676"}],"version-history":[{"count":1,"href":"https:\/\/blogs.correiobraziliense.com.br\/servidor\/wp-json\/wp\/v2\/posts\/7676\/revisions"}],"predecessor-version":[{"id":7677,"href":"https:\/\/blogs.correiobraziliense.com.br\/servidor\/wp-json\/wp\/v2\/posts\/7676\/revisions\/7677"}],"wp:attachment":[{"href":"https:\/\/blogs.correiobraziliense.com.br\/servidor\/wp-json\/wp\/v2\/media?parent=7676"}],"wp:term":[{"taxonomy":"category","embeddable":true,"href":"https:\/\/blogs.correiobraziliense.com.br\/servidor\/wp-json\/wp\/v2\/categories?post=7676"},{"taxonomy":"post_tag","embeddable":true,"href":"https:\/\/blogs.correiobraziliense.com.br\/servidor\/wp-json\/wp\/v2\/tags?post=7676"}],"curies":[{"name":"wp","href":"https:\/\/api.w.org\/{rel}","templated":true}]}}