{"id":767,"date":"2016-01-14T19:40:13","date_gmt":"2016-01-14T21:40:13","guid":{"rendered":"https:\/\/blogs.correiobraziliense.com.br\/servidor\/?p=767"},"modified":"2016-01-14T19:41:42","modified_gmt":"2016-01-14T21:41:42","slug":"aeronautas-e-aeroviarios-rejeitas-proposta-de-abono-das-empresas-aereas","status":"publish","type":"post","link":"https:\/\/blogs.correiobraziliense.com.br\/servidor\/aeronautas-e-aeroviarios-rejeitas-proposta-de-abono-das-empresas-aereas\/","title":{"rendered":"AERONAUTAS E AEROVI\u00c1RIOS REJEITAM PROPOSTA DE ABONO DAS EMPRESAS A\u00c9REAS"},"content":{"rendered":"<p>Categorias reivindicam 12% de reajuste\u00a0salarial, 15% nos benef\u00edcios econ\u00f4micos e 20% na cesta b\u00e1sica. Media\u00e7\u00e3o no TST acontece no dia 22, em Bras\u00edlia.<\/p>\n<p>&nbsp;<\/p>\n<p>A s\u00e9tima rodada de negocia\u00e7\u00e3o da campanha salarial entre a Federa\u00e7\u00e3o Nacional dos Trabalhadores em Avia\u00e7\u00e3o Civil da CUT (Fentac) e o Sindicato Nacional das Empresas A\u00e9reas (SNEA),\u00a0nesta quinta-feira (14), na sede da entidade patronal, em S\u00e3o Paulo, terminou sem acordo.<\/p>\n<p>De acordo com a Fentac, mais uma vez, as empresas a\u00e9reas (TAM, Gol, Azul e Avianca) mantiveram o \u201creajuste salarial zero nos sal\u00e1rios\u201d e apresentaram novamente o pagamento de abonos. Desta vez, os abonos seriam pagos de forma parcelada, ou seja, se iniciariam em junho e o \u00faltimo em novembro, somando o\u00a0acumulado de cerca de 9%.<\/p>\n<p>No caso dos aeronautas, os abonos seriam sobre a remunera\u00e7\u00e3o do m\u00eas anterior e nos aerovi\u00e1rios sobre o sal\u00e1rio base. Para os aerovi\u00e1rios que ganham acima de R$ 10 mil (cerca de 1%), os valores seriam fixos por m\u00eas, de junho a novembro.<\/p>\n<p>A proposta patronal ainda prop\u00f5e o reajuste de 11%, a partir de fevereiro, nos vales refei\u00e7\u00e3o e alimenta\u00e7\u00e3o, seguro de vida e di\u00e1rias nacionais.<\/p>\n<p><strong>Rejei\u00e7\u00e3o <\/strong><\/p>\n<p>Os aerovi\u00e1rios de Guarulhos, Porto Alegre, Recife, Campinas e das bases do Sindicato Nacional dos Aerovi\u00e1rios e Aeronautas, representados pela Fentac\/CUT, rejeitaram em mesa\u00a0 essa proposta patronal, argumentando que o abono n\u00e3o incorpora aos sal\u00e1rios, aos direitos (13\u00ba sal\u00e1rio, f\u00e9rias, FGTS e aposentadoria) e n\u00e3o rep\u00f5e as perdas da infla\u00e7\u00e3o do per\u00edodo da data-base, calculado pelo INPC, das categorias (1\u00ba dezembro, que fechou em 10,97%).<\/p>\n<p>O presidente da Fentac, Sergio Dias, ficou frustrado com a proposta patronal e criticou o formato. \u201cA proposta tem pontos obscuros e pedimos mais esclarecimentos quanto ao pagamento retroativo, ao reajuste nos pisos salariais e \u00e0 pauta de reivindica\u00e7\u00e3o de cl\u00e1usulas sociais dos aeronautas e aerovi\u00e1rios. Deixamos claro que as categorias precisam ser reconhecidas pelo trabalho que tem garantido o mercado aquecido da avia\u00e7\u00e3o. A reposi\u00e7\u00e3o da infla\u00e7\u00e3o nos sal\u00e1rios \u00e9 nosso direito\u201d, destaca.<\/p>\n<p>O presidente do Sindicato Nacional dos Aeronautas, comandante Adriano Castanho, concorda e refor\u00e7ou que no primeiro semestre de 2015, cerca de 85% das 509 negocia\u00e7\u00f5es coletivas acompanhadas pelo Dieese conquistaram aumentos iguais ou acima da infla\u00e7\u00e3o. \u201cAcreditamos que as empresas t\u00eam condi\u00e7\u00f5es em avan\u00e7ar na proposta de reajuste salarial\u201d, aponta.<\/p>\n<p>Para o presidente do Sindicato dos Aerovi\u00e1rios de Guarulhos, Rodrigo Maciel, o abono \u00e9 inaceit\u00e1vel. \u201cNossas assembleias j\u00e1 rejeitaram por unanimidade esse formato. Nossa reivindica\u00e7\u00e3o \u00e9 12% de reajuste nos sal\u00e1rios\u201d, ressalta.<\/p>\n<p>Nos \u00faltimos quatro anos, enquanto o setor da avia\u00e7\u00e3o civil registrou crescimento de 33,9%, os ganhos reais frente ao INPC-IBGE n\u00e3o atingiram 1%. Para os trabalhadores, a proposta de reajuste zero significa abrir m\u00e3o de mais de uma d\u00e9cada de lutas e conquistas.<\/p>\n<p>&nbsp;<\/p>\n<p><strong>Empresas a\u00e9reas e media\u00e7\u00e3o TST <\/strong><\/p>\n<p>No t\u00e9rmino da rodada de negocia\u00e7\u00e3o, as empresas a\u00e9reas sinalizaram a possibilidade, que est\u00e1 registrada em ata, de avaliar os pontos apontados pela Fentac (pagamento retroativo, cl\u00e1usulas sociais, reajuste nos pisos e pagamento do INPC ao inv\u00e9s do abono) at\u00e9 o dia 21 de janeiro.<\/p>\n<p>Caso as empresas n\u00e3o formulem uma nova contraproposta, no dia 22 acontecer\u00e1 uma reuni\u00e3o no Tribunal Superior do Trabalho (TST), em Bras\u00edlia, que ser\u00e1 mediada pelo vice-presidente, ministro Ives Gandra da Silva Martins Filho.<\/p>\n<p><strong>Estado de greve <\/strong><\/p>\n<p>At\u00e9 a reuni\u00e3o no TST, os aerovi\u00e1rios manter\u00e3o \u201cestado de greve\u201d, que foi aprovado em assembleias, realizadas no dia 7 de janeiro, nos aeroportos da base da Fentac no pa\u00eds. Os aeronautas far\u00e3o assembleias, no dia 20, que poder\u00e3o aprovar esse encaminhamento.<\/p>\n<p><strong>Reivindica\u00e7\u00f5es <\/strong><\/p>\n<p>Os aeronautas e aerovi\u00e1rios reivindicam reajuste salarial de 12% (10,97% de reposi\u00e7\u00e3o da infla\u00e7\u00e3o da data-base, 1\u00ba de dezembro, e 0,93% de aumento real), aumento de 15% nos pisos salariais e demais benef\u00edcios econ\u00f4micos e 20% na cesta b\u00e1sica.<\/p>\n<p>&nbsp;<\/p>\n","protected":false},"excerpt":{"rendered":"<p>Categorias reivindicam 12% de reajuste\u00a0salarial, 15% nos benef\u00edcios econ\u00f4micos e 20% na cesta b\u00e1sica. Media\u00e7\u00e3o no TST acontece no dia 22, em Bras\u00edlia. &nbsp; A s\u00e9tima rodada de negocia\u00e7\u00e3o da campanha salarial entre a Federa\u00e7\u00e3o Nacional dos Trabalhadores em Avia\u00e7\u00e3o Civil da CUT (Fentac) e o Sindicato Nacional das Empresas A\u00e9reas (SNEA),\u00a0nesta quinta-feira (14), na sede da entidade patronal, em [&hellip;]<\/p>\n","protected":false},"author":27,"featured_media":0,"comment_status":"open","ping_status":"closed","sticky":false,"template":"","format":"standard","meta":{"footnotes":""},"categories":[1],"tags":[389,391,387,388,390,54,158],"class_list":["post-767","post","type-post","status-publish","format-standard","hentry","category-sem-categoria","tag-abono","tag-aereas","tag-aeronautas","tag-aeroviarios","tag-empresas","tag-proposta","tag-rejeitam"],"_links":{"self":[{"href":"https:\/\/blogs.correiobraziliense.com.br\/servidor\/wp-json\/wp\/v2\/posts\/767","targetHints":{"allow":["GET"]}}],"collection":[{"href":"https:\/\/blogs.correiobraziliense.com.br\/servidor\/wp-json\/wp\/v2\/posts"}],"about":[{"href":"https:\/\/blogs.correiobraziliense.com.br\/servidor\/wp-json\/wp\/v2\/types\/post"}],"author":[{"embeddable":true,"href":"https:\/\/blogs.correiobraziliense.com.br\/servidor\/wp-json\/wp\/v2\/users\/27"}],"replies":[{"embeddable":true,"href":"https:\/\/blogs.correiobraziliense.com.br\/servidor\/wp-json\/wp\/v2\/comments?post=767"}],"version-history":[{"count":2,"href":"https:\/\/blogs.correiobraziliense.com.br\/servidor\/wp-json\/wp\/v2\/posts\/767\/revisions"}],"predecessor-version":[{"id":769,"href":"https:\/\/blogs.correiobraziliense.com.br\/servidor\/wp-json\/wp\/v2\/posts\/767\/revisions\/769"}],"wp:attachment":[{"href":"https:\/\/blogs.correiobraziliense.com.br\/servidor\/wp-json\/wp\/v2\/media?parent=767"}],"wp:term":[{"taxonomy":"category","embeddable":true,"href":"https:\/\/blogs.correiobraziliense.com.br\/servidor\/wp-json\/wp\/v2\/categories?post=767"},{"taxonomy":"post_tag","embeddable":true,"href":"https:\/\/blogs.correiobraziliense.com.br\/servidor\/wp-json\/wp\/v2\/tags?post=767"}],"curies":[{"name":"wp","href":"https:\/\/api.w.org\/{rel}","templated":true}]}}