{"id":7664,"date":"2017-12-06T12:18:42","date_gmt":"2017-12-06T14:18:42","guid":{"rendered":"https:\/\/blogs.correiobraziliense.com.br\/servidor\/?p=7664"},"modified":"2017-12-06T12:18:42","modified_gmt":"2017-12-06T14:18:42","slug":"conselho-nacional-de-turismo-aprova-mocao-de-apoio-reforma-da-previdencia","status":"publish","type":"post","link":"https:\/\/blogs.correiobraziliense.com.br\/servidor\/conselho-nacional-de-turismo-aprova-mocao-de-apoio-reforma-da-previdencia\/","title":{"rendered":"Conselho Nacional de Turismo aprova mo\u00e7\u00e3o de apoio \u00e0 reforma da Previd\u00eancia"},"content":{"rendered":"<p><i>Durante reuni\u00e3o do CNT, presidente Vinicius Lummertz tamb\u00e9m refor\u00e7a necessidade de reforma no turismo e pede uni\u00e3o do trade para melhoria das a\u00e7\u00f5es estrat\u00e9gicas para o setor<\/i><\/p>\n<p>O Conselho Nacional de Turismo aprovou ontem (5) mo\u00e7\u00e3o de apoio \u00e0 reforma da Previd\u00eancia sugerida pela presid\u00eancia da Rep\u00fablica. A proposta defendida pelo presidente da Embratur (Instituto Brasileiro de Turismo), Vinicius Lummertz, e apresentada pelo ministro do Turismo, Marx Beltr\u00e3o, teve aprova\u00e7\u00e3o de unanimidade do Conselho, que \u00e9 composto por 70 conselheiros de institui\u00e7\u00f5es p\u00fablicas e entidades privadas do setor em \u00e2mbito nacional.<\/p>\n<p>A moderniza\u00e7\u00e3o da Lei Geral do Turismo, a transforma\u00e7\u00e3o da Embratur em servi\u00e7o social aut\u00f4nomo e a abertura de 100% de capital estrangeiros das companhias a\u00e9reas e o acordo de c\u00e9us abertos foram pautas destacadas pelo presidente Vinicius Lummertz durante a 50\u00aa reuni\u00e3o do Conselho Nacional de Turismo. O representante da Embratur fez um panorama das medidas do Plano Brasil + Turismo, com destaque para as pautas em tramita\u00e7\u00e3o no Congresso Nacional.<\/p>\n<p>&#8220;\u00c9 preciso que haja uma maior uni\u00e3o e mobiliza\u00e7\u00e3o de todas as entidades do trade tur\u00edstico brasileiro. O turismo pode fazer muito mais pelo Brasil, mas temos que ter mais condi\u00e7\u00f5es e mais liberdade para trabalhar. N\u00e3o vejo muitas perspectivas se n\u00e3o conseguirmos avan\u00e7ar com as mudan\u00e7as sugeridas&#8221;, destacou Lummertz.<\/p>\n<p>O ministro do Turismo e presidente do Conselho, Marx Beltr\u00e3o, tamb\u00e9m refor\u00e7ou que as pautas apresentadas pelo setor s\u00e3o extremamente importantes e precisam ser aprovadas o mais r\u00e1pido poss\u00edvel. &#8220;Estamos fazendo um trabalho de sensibiliza\u00e7\u00e3o dos parlamentares para que entendam a import\u00e2ncia desses pleitos e conto com o apoio de voc\u00eas nesse processo&#8221;, afirmou. \u201cTemos que nos unir e estar em sintonia com o Congresso para a transforma\u00e7\u00e3o da Embratur em ag\u00eancia\u201d, completou o ministro.<\/p>\n<p>Durante a reuni\u00e3o, foram apresentados os nomes dos coordenadores que est\u00e3o \u00e0 frente das C\u00e2maras Tem\u00e1ticas e os primeiros resultados dos trabalhos realizados pelos grupos para discuss\u00e3o da Pol\u00edtica Nacional de Qualifica\u00e7\u00e3o Profissional, do Plano Nacional de Turismo e do Turismo Respons\u00e1vel.<\/p>\n<p>Al\u00e9m dos deputados Paulo Azi (DEM-BA), presidente da Comiss\u00e3o de Turismo da C\u00e2mara, Herculano Passos (PSD-SP), presidente da Frente Parlamentar Mista em Defesa do Turismo, e Jo\u00e3o Paulo Papa (PSDB-SP), o encontro, em Bras\u00edlia, contou com a participa\u00e7\u00e3o de todos os secret\u00e1rios executivos do MTur, dos dirigentes das entidades do trade tur\u00edstico brasileiro e de representantes do governo.<\/p>\n<p>&nbsp;<\/p>\n","protected":false},"excerpt":{"rendered":"<p>Durante reuni\u00e3o do CNT, presidente Vinicius Lummertz tamb\u00e9m refor\u00e7a necessidade de reforma no turismo e pede uni\u00e3o do trade para melhoria das a\u00e7\u00f5es estrat\u00e9gicas para o setor O Conselho Nacional de Turismo aprovou ontem (5) mo\u00e7\u00e3o de apoio \u00e0 reforma da Previd\u00eancia sugerida pela presid\u00eancia da Rep\u00fablica. A proposta defendida pelo presidente da Embratur (Instituto Brasileiro de Turismo), Vinicius Lummertz, [&hellip;]<\/p>\n","protected":false},"author":27,"featured_media":0,"comment_status":"open","ping_status":"closed","sticky":false,"template":"","format":"standard","meta":{"footnotes":""},"categories":[2719],"tags":[10149,203,112,792,10148,1463,10151,6276,10150,100,10143,10147,73,9141,4444,10144,10152,4682,9727,10145,10146],"class_list":["post-7664","post","type-post","status-publish","format-standard","hentry","category-servidor","tag-aberutura","tag-acoes","tag-acordo","tag-apoio","tag-autonomo","tag-capital","tag-ceus-abertos","tag-cnt","tag-companias-aereas","tag-congresso","tag-conselho-nacional-de-turismo","tag-embrabur","tag-entidades","tag-estrangeiro","tag-estrategicas","tag-mocao","tag-panomrama-plano-brasil-turismo","tag-privadas","tag-reforma-da-previdencia","tag-rutismo","tag-trade"],"_links":{"self":[{"href":"https:\/\/blogs.correiobraziliense.com.br\/servidor\/wp-json\/wp\/v2\/posts\/7664","targetHints":{"allow":["GET"]}}],"collection":[{"href":"https:\/\/blogs.correiobraziliense.com.br\/servidor\/wp-json\/wp\/v2\/posts"}],"about":[{"href":"https:\/\/blogs.correiobraziliense.com.br\/servidor\/wp-json\/wp\/v2\/types\/post"}],"author":[{"embeddable":true,"href":"https:\/\/blogs.correiobraziliense.com.br\/servidor\/wp-json\/wp\/v2\/users\/27"}],"replies":[{"embeddable":true,"href":"https:\/\/blogs.correiobraziliense.com.br\/servidor\/wp-json\/wp\/v2\/comments?post=7664"}],"version-history":[{"count":1,"href":"https:\/\/blogs.correiobraziliense.com.br\/servidor\/wp-json\/wp\/v2\/posts\/7664\/revisions"}],"predecessor-version":[{"id":7665,"href":"https:\/\/blogs.correiobraziliense.com.br\/servidor\/wp-json\/wp\/v2\/posts\/7664\/revisions\/7665"}],"wp:attachment":[{"href":"https:\/\/blogs.correiobraziliense.com.br\/servidor\/wp-json\/wp\/v2\/media?parent=7664"}],"wp:term":[{"taxonomy":"category","embeddable":true,"href":"https:\/\/blogs.correiobraziliense.com.br\/servidor\/wp-json\/wp\/v2\/categories?post=7664"},{"taxonomy":"post_tag","embeddable":true,"href":"https:\/\/blogs.correiobraziliense.com.br\/servidor\/wp-json\/wp\/v2\/tags?post=7664"}],"curies":[{"name":"wp","href":"https:\/\/api.w.org\/{rel}","templated":true}]}}