{"id":7654,"date":"2017-12-05T20:22:23","date_gmt":"2017-12-05T22:22:23","guid":{"rendered":"https:\/\/blogs.correiobraziliense.com.br\/servidor\/?p=7654"},"modified":"2017-12-05T20:22:23","modified_gmt":"2017-12-05T22:22:23","slug":"servidores-da-susep-entregam-em-massa-cargos-de-confianca","status":"publish","type":"post","link":"https:\/\/blogs.correiobraziliense.com.br\/servidor\/servidores-da-susep-entregam-em-massa-cargos-de-confianca\/","title":{"rendered":"Servidores da Susep entregam em massa cargos de confian\u00e7a"},"content":{"rendered":"<p><em>Desde 1\u00ba de dezembro, a Superintend\u00eancia de Seguros Privados (Susep) est\u00e1 sem funcion\u00e1rios com cargos de chefia. Eles j\u00e1 vinham avisando que tomariam essa atitude, caso a autarquia retirasse o \u00fanico servidor de carreira no Conselho Diretor, explicou Osiane Arieira, presidente do Sindicato dos Servidores da Susep (SindSusep).<\/em><\/p>\n<p>A Susep fiscaliza reservas de cerca de R$ 1 trilh\u00e3o dos mercados de seguros, capitaliza\u00e7\u00e3o e previd\u00eancia (PGBL e VGBL).&#8221;N\u00e3o se trata de motim, de revolta ou de insurrei\u00e7\u00e3o. Trata-se da autoestima, do respeito a si e \u00e0 institui\u00e7\u00e3o e, fundamentalmente, da submiss\u00e3o aos conceitos mais nobres da fun\u00e7\u00e3o p\u00fablica: servir ao povo&#8221;, destacam os trabalhadores.<\/p>\n<p>Veja a nota:<\/p>\n<p>&#8220;SUSEP: N\u00c3O \u00c9 s\u00f3 pelos R$0,20, nem por cargos<br \/>\nNo dia 1\u00b0 de dezembro os servidores de carreira da Susep (autarquia federal, vinculada ao Minist\u00e9rio da Fazenda, que fiscaliza reservas de cerca de R$ 1 trilh\u00e3o dos mercados de seguros, capitaliza\u00e7\u00e3o e previd\u00eancia &#8211; PGBL e VGBL) colocaram seus cargos \u00e0 disposi\u00e7\u00e3o, lastreados pelo compromisso dos demais servidores em n\u00e3o assumi-los. Abriram m\u00e3o de gratifica\u00e7\u00f5es, projetos e carreira, porque desejam um pa\u00eds melhor.<\/p>\n<p>S\u00e3o mais de 95% dos\u00a0 servidores da Susep indignados com mais uma mudan\u00e7a repentina de rumo da autarquia que, h\u00e1 quase uma d\u00e9cada, n\u00e3o possui um direcionamento claro e consistente, alvejada por trocas sucessivas de seus comandantes.<\/p>\n<p>Repentinamente e sem ouvir os apelos do corpo t\u00e9cnico da autarquia, o governo decidiu exonerar o \u00fanico servidor de carreira de sua Diretoria, embora em seus quadros haja, inclusive,\u00a0 in\u00fameros PhDs, Mestres ou p\u00f3s-graduados. Ap\u00f3s a cont\u00ednua perman\u00eancia, por mais de 15 anos, de pelo menos um diretor de carreira no Conselho Diretor, inaugura-se um v\u00e1cuo de representa\u00e7\u00e3o da casa, o que agrava o receio de que a autarquia se torne mais um entre os tantos \u00f3rg\u00e3os que n\u00e3o cumprem seu papel no Estado. Um \u00f3rg\u00e3o em que o interesse p\u00fablico n\u00e3o prevale\u00e7a. Sem a presen\u00e7a de um diretor dos quadros da Casa, a alta administra\u00e7\u00e3o da Susep perde seu compromisso com o longo prazo.<\/p>\n<p>H\u00e1 um profundo sentimento de desrespeito que j\u00e1 n\u00e3o cabe dentro de cada servidor, an\u00e1logo ao processo de expuls\u00e3o, expurgo de quem foi punido por apenas-e-t\u00e3o-somente fazer a coisa certa. N\u00e3o se trata de motim, de revolta ou de insurrei\u00e7\u00e3o. Trata-se da autoestima, do respeito a si e \u00e0 institui\u00e7\u00e3o e, fundamentalmente, da submiss\u00e3o aos conceitos mais nobres da fun\u00e7\u00e3o p\u00fablica: servir ao povo.&#8221;<\/p>\n","protected":false},"excerpt":{"rendered":"<p>Desde 1\u00ba de dezembro, a Superintend\u00eancia de Seguros Privados (Susep) est\u00e1 sem funcion\u00e1rios com cargos de chefia. Eles j\u00e1 vinham avisando que tomariam essa atitude, caso a autarquia retirasse o \u00fanico servidor de carreira no Conselho Diretor, explicou Osiane Arieira, presidente do Sindicato dos Servidores da Susep (SindSusep). A Susep fiscaliza reservas de cerca de R$ 1 trilh\u00e3o dos mercados [&hellip;]<\/p>\n","protected":false},"author":27,"featured_media":0,"comment_status":"open","ping_status":"closed","sticky":false,"template":"","format":"standard","meta":{"footnotes":""},"categories":[2719],"tags":[5662,791,188,3065,881,3172,10128,1341,2280,810,8866,10127,1300,8213,8,58,10126,5385,8180,8867],"class_list":["post-7654","post","type-post","status-publish","format-standard","hentry","category-servidor","tag-autarquia","tag-cargos","tag-carreira","tag-chefia","tag-compromisso","tag-confianca","tag-conselho-diretor","tag-funcionarios","tag-gratificacoes","tag-ministerio-da-fazenda","tag-pgbl","tag-priados","tag-projetos","tag-seguros","tag-servidor","tag-servidores","tag-sindsusep","tag-submissao","tag-susep","tag-vgbl"],"_links":{"self":[{"href":"https:\/\/blogs.correiobraziliense.com.br\/servidor\/wp-json\/wp\/v2\/posts\/7654","targetHints":{"allow":["GET"]}}],"collection":[{"href":"https:\/\/blogs.correiobraziliense.com.br\/servidor\/wp-json\/wp\/v2\/posts"}],"about":[{"href":"https:\/\/blogs.correiobraziliense.com.br\/servidor\/wp-json\/wp\/v2\/types\/post"}],"author":[{"embeddable":true,"href":"https:\/\/blogs.correiobraziliense.com.br\/servidor\/wp-json\/wp\/v2\/users\/27"}],"replies":[{"embeddable":true,"href":"https:\/\/blogs.correiobraziliense.com.br\/servidor\/wp-json\/wp\/v2\/comments?post=7654"}],"version-history":[{"count":1,"href":"https:\/\/blogs.correiobraziliense.com.br\/servidor\/wp-json\/wp\/v2\/posts\/7654\/revisions"}],"predecessor-version":[{"id":7655,"href":"https:\/\/blogs.correiobraziliense.com.br\/servidor\/wp-json\/wp\/v2\/posts\/7654\/revisions\/7655"}],"wp:attachment":[{"href":"https:\/\/blogs.correiobraziliense.com.br\/servidor\/wp-json\/wp\/v2\/media?parent=7654"}],"wp:term":[{"taxonomy":"category","embeddable":true,"href":"https:\/\/blogs.correiobraziliense.com.br\/servidor\/wp-json\/wp\/v2\/categories?post=7654"},{"taxonomy":"post_tag","embeddable":true,"href":"https:\/\/blogs.correiobraziliense.com.br\/servidor\/wp-json\/wp\/v2\/tags?post=7654"}],"curies":[{"name":"wp","href":"https:\/\/api.w.org\/{rel}","templated":true}]}}