{"id":7642,"date":"2017-12-05T18:11:28","date_gmt":"2017-12-05T20:11:28","guid":{"rendered":"https:\/\/blogs.correiobraziliense.com.br\/servidor\/?p=7642"},"modified":"2017-12-05T18:11:28","modified_gmt":"2017-12-05T20:11:28","slug":"petrobras-recebe-os-juizes-moro-e-bretas-e-secretaria-claudia-taya","status":"publish","type":"post","link":"https:\/\/blogs.correiobraziliense.com.br\/servidor\/petrobras-recebe-os-juizes-moro-e-bretas-e-secretaria-claudia-taya\/","title":{"rendered":"Petrobras recebe os ju\u00edzes Moro e Bretas e a secret\u00e1ria Claudia Taya"},"content":{"rendered":"<p>Os ju\u00edzes federais S\u00e9rgio Moro e Marcelo Bretas e a secret\u00e1ria de Transpar\u00eancia e Preven\u00e7\u00e3o da Corrup\u00e7\u00e3o do Minist\u00e9rio de Transpar\u00eancia, Fiscaliza\u00e7\u00e3o e Controladoria-Geral da Uni\u00e3o, Cl\u00e1udia Taya, ser\u00e3o os palestrantes convidados do 4\u00ba evento Petrobras em Compliance, nesta <span id=\"OBJ_PREFIX_DWT821_com_zimbra_date\">sexta<\/span>-feira, 8 de dezembro, no Ed\u00edficio-Sede da companhia, no Rio<span id=\"OBJ_PREFIX_DWT809_com_zimbra_date\"> de Janeiro<\/span>. O evento contar\u00e1 com a presen\u00e7a do presidente da Petrobras, Pedro Parente, e membros da alta administra\u00e7\u00e3o da empresa. Na ocasi\u00e3o, ser\u00e3o apresentadas a\u00e7\u00f5es de conformidade adotadas pela companhia.<\/p>\n<p>Servi\u00e7o:<\/p>\n<p>4\u00ba Petrobras em Compliance<br \/>\nData: <span id=\"OBJ_PREFIX_DWT812_com_zimbra_date\"><span id=\"OBJ_PREFIX_DWT824_com_zimbra_date\">8\/12\/2017<\/span><\/span> (<span id=\"OBJ_PREFIX_DWT813_com_zimbra_date\"><span id=\"OBJ_PREFIX_DWT825_com_zimbra_date\">sexta<\/span><\/span>-feira) &#8211;\u00a0 9h \u00e0s 12h<br \/>\nLocal: Audit\u00f3rio do Edif\u00edcio Sede (Edise)<br \/>\nAvenida Chile 65 &#8211; 1\u00ba andar &#8211; Centro &#8211; Rio<span id=\"OBJ_PREFIX_DWT814_com_zimbra_date\"> de Janeiro<\/span><\/p>\n","protected":false},"excerpt":{"rendered":"<p>Os ju\u00edzes federais S\u00e9rgio Moro e Marcelo Bretas e a secret\u00e1ria de Transpar\u00eancia e Preven\u00e7\u00e3o da Corrup\u00e7\u00e3o do Minist\u00e9rio de Transpar\u00eancia, Fiscaliza\u00e7\u00e3o e Controladoria-Geral da Uni\u00e3o, Cl\u00e1udia Taya, ser\u00e3o os palestrantes convidados do 4\u00ba evento Petrobras em Compliance, nesta sexta-feira, 8 de dezembro, no Ed\u00edficio-Sede da companhia, no Rio de Janeiro. O evento contar\u00e1 com a presen\u00e7a do presidente da [&hellip;]<\/p>\n","protected":false},"author":27,"featured_media":0,"comment_status":"open","ping_status":"closed","sticky":false,"template":"","format":"standard","meta":{"footnotes":""},"categories":[2719],"tags":[203,2035,10124,568,5990,1208,344,10123,201,1399],"class_list":["post-7642","post","type-post","status-publish","format-standard","hentry","category-servidor","tag-acoes","tag-cgu","tag-claudia-taya","tag-companhia","tag-compliance","tag-conformidade","tag-juizes","tag-marcelo-bretas","tag-petrobras","tag-sergio-moro"],"_links":{"self":[{"href":"https:\/\/blogs.correiobraziliense.com.br\/servidor\/wp-json\/wp\/v2\/posts\/7642","targetHints":{"allow":["GET"]}}],"collection":[{"href":"https:\/\/blogs.correiobraziliense.com.br\/servidor\/wp-json\/wp\/v2\/posts"}],"about":[{"href":"https:\/\/blogs.correiobraziliense.com.br\/servidor\/wp-json\/wp\/v2\/types\/post"}],"author":[{"embeddable":true,"href":"https:\/\/blogs.correiobraziliense.com.br\/servidor\/wp-json\/wp\/v2\/users\/27"}],"replies":[{"embeddable":true,"href":"https:\/\/blogs.correiobraziliense.com.br\/servidor\/wp-json\/wp\/v2\/comments?post=7642"}],"version-history":[{"count":1,"href":"https:\/\/blogs.correiobraziliense.com.br\/servidor\/wp-json\/wp\/v2\/posts\/7642\/revisions"}],"predecessor-version":[{"id":7643,"href":"https:\/\/blogs.correiobraziliense.com.br\/servidor\/wp-json\/wp\/v2\/posts\/7642\/revisions\/7643"}],"wp:attachment":[{"href":"https:\/\/blogs.correiobraziliense.com.br\/servidor\/wp-json\/wp\/v2\/media?parent=7642"}],"wp:term":[{"taxonomy":"category","embeddable":true,"href":"https:\/\/blogs.correiobraziliense.com.br\/servidor\/wp-json\/wp\/v2\/categories?post=7642"},{"taxonomy":"post_tag","embeddable":true,"href":"https:\/\/blogs.correiobraziliense.com.br\/servidor\/wp-json\/wp\/v2\/tags?post=7642"}],"curies":[{"name":"wp","href":"https:\/\/api.w.org\/{rel}","templated":true}]}}