{"id":7636,"date":"2017-12-05T17:09:50","date_gmt":"2017-12-05T19:09:50","guid":{"rendered":"https:\/\/blogs.correiobraziliense.com.br\/servidor\/?p=7636"},"modified":"2017-12-05T17:47:21","modified_gmt":"2017-12-05T19:47:21","slug":"aposentados-e-pensionistas-protestam-contra-reforma-da-previdencia-nesta-quarta-em-brasilia","status":"publish","type":"post","link":"https:\/\/blogs.correiobraziliense.com.br\/servidor\/aposentados-e-pensionistas-protestam-contra-reforma-da-previdencia-nesta-quarta-em-brasilia\/","title":{"rendered":"Aposentados e pensionistas protestam contra a reforma da Previd\u00eancia nesta quarta, em Bras\u00edlia"},"content":{"rendered":"<p><em>Com os crescentes rumores sobre a poss\u00edvel vota\u00e7\u00e3o da reforma da Previd\u00eancia at\u00e9 a pr\u00f3xima semana, aposentados e pensionistas do servi\u00e7o p\u00fablico e da iniciativa privada fazem mais uma grande mobiliza\u00e7\u00e3o nesta quarta (6), em Bras\u00edlia. A P\u00fablica Central do Servidor vai apoiar o ato. Est\u00e3o sendo convocados servidores da PF, PRF, Judici\u00e1rios (federal, estadual, municipal e distrital), Sindilegis, CGU, entre outros. Desde as primeiras horas da manh\u00e3, os manifestantes, com faixas, cartazes e buzinas, tomar\u00e3o conta dos arredores da Quadra 302 norte, onde grande parte dos deputados reside enquanto est\u00e1 na capital federal.<\/em><\/p>\n<p>O ato p\u00fablico pretende demonstrar aos congressistas a uni\u00e3o das carreiras de diferentes setores contra os retrocessos sociais propostos por meio da PEC287\/2016, em tr\u00e2mite na C\u00e2mara. De acordo com o presidente do Movimento Nacional dos Servidores P\u00fablicos Aposentados e Pensionistas (Instituto Mosap), Edison Haubert, o momento \u00e9 decisivo e mais que oportuno para que os trabalhadores, e a sociedade como um todo, deem um recado incisivo aos parlamentares. \u201cVamos dizer, com bastante clareza, que n\u00e3o aceitaremos mais esta crueldade e que n\u00e3o mediremos esfor\u00e7os para denunciar os verdadeiros inimigos do povo brasileiro\u201d, frisa.<\/p>\n<p>A atividade \u00e9 uma promo\u00e7\u00e3o do Mosap, em parceria com a Federa\u00e7\u00e3o dos Aposentados, Pensionistas e Idosos do Distrito Federal e Entorno (FAP\/DF).<\/p>\n<p><strong>Servi\u00e7o<\/strong>:<\/p>\n<p>&#8211; Ato P\u00fablico contra a reforma da Previd\u00eancia<\/p>\n<p>Local: Quadra 302 norte, Bras\u00edlia<\/p>\n<p>Hor\u00e1rio: 7h da manh\u00e3<\/p>\n<p>Realiza\u00e7\u00e3o: Movimento Nacional dos Servidores P\u00fablicos Aposentados e Pensionistas (Instituto Mosap) e Federa\u00e7\u00e3o dos Aposentados, Pensionistas e Idosos do Distrito Federal e Entorno (FAP\/DF).<\/p>\n","protected":false},"excerpt":{"rendered":"<p>Com os crescentes rumores sobre a poss\u00edvel vota\u00e7\u00e3o da reforma da Previd\u00eancia at\u00e9 a pr\u00f3xima semana, aposentados e pensionistas do servi\u00e7o p\u00fablico e da iniciativa privada fazem mais uma grande mobiliza\u00e7\u00e3o nesta quarta (6), em Bras\u00edlia. A P\u00fablica Central do Servidor vai apoiar o ato. Est\u00e3o sendo convocados servidores da PF, PRF, Judici\u00e1rios (federal, estadual, municipal e distrital), Sindilegis, CGU, [&hellip;]<\/p>\n","protected":false},"author":27,"featured_media":0,"comment_status":"open","ping_status":"closed","sticky":false,"template":"","format":"standard","meta":{"footnotes":""},"categories":[2719],"tags":[345,867,61,1298,10112,5396,481,10111,4662,346,2222,10110,9727,1498],"class_list":["post-7636","post","type-post","status-publish","format-standard","hentry","category-servidor","tag-aposentados","tag-brasilia","tag-camara","tag-deputados","tag-fapdf","tag-manifestantes","tag-mobilizacao","tag-mosp","tag-pec-2872016","tag-pensionistas","tag-protestam","tag-quadra-302-norte","tag-reforma-da-previdencia","tag-votacao"],"_links":{"self":[{"href":"https:\/\/blogs.correiobraziliense.com.br\/servidor\/wp-json\/wp\/v2\/posts\/7636","targetHints":{"allow":["GET"]}}],"collection":[{"href":"https:\/\/blogs.correiobraziliense.com.br\/servidor\/wp-json\/wp\/v2\/posts"}],"about":[{"href":"https:\/\/blogs.correiobraziliense.com.br\/servidor\/wp-json\/wp\/v2\/types\/post"}],"author":[{"embeddable":true,"href":"https:\/\/blogs.correiobraziliense.com.br\/servidor\/wp-json\/wp\/v2\/users\/27"}],"replies":[{"embeddable":true,"href":"https:\/\/blogs.correiobraziliense.com.br\/servidor\/wp-json\/wp\/v2\/comments?post=7636"}],"version-history":[{"count":3,"href":"https:\/\/blogs.correiobraziliense.com.br\/servidor\/wp-json\/wp\/v2\/posts\/7636\/revisions"}],"predecessor-version":[{"id":7641,"href":"https:\/\/blogs.correiobraziliense.com.br\/servidor\/wp-json\/wp\/v2\/posts\/7636\/revisions\/7641"}],"wp:attachment":[{"href":"https:\/\/blogs.correiobraziliense.com.br\/servidor\/wp-json\/wp\/v2\/media?parent=7636"}],"wp:term":[{"taxonomy":"category","embeddable":true,"href":"https:\/\/blogs.correiobraziliense.com.br\/servidor\/wp-json\/wp\/v2\/categories?post=7636"},{"taxonomy":"post_tag","embeddable":true,"href":"https:\/\/blogs.correiobraziliense.com.br\/servidor\/wp-json\/wp\/v2\/tags?post=7636"}],"curies":[{"name":"wp","href":"https:\/\/api.w.org\/{rel}","templated":true}]}}