{"id":7632,"date":"2017-12-05T15:33:17","date_gmt":"2017-12-05T17:33:17","guid":{"rendered":"https:\/\/blogs.correiobraziliense.com.br\/servidor\/?p=7632"},"modified":"2017-12-05T15:33:17","modified_gmt":"2017-12-05T17:33:17","slug":"resposta-da-geap-sobre-aumento-nas-mensalidades-dos-planos-de-saude","status":"publish","type":"post","link":"https:\/\/blogs.correiobraziliense.com.br\/servidor\/resposta-da-geap-sobre-aumento-nas-mensalidades-dos-planos-de-saude\/","title":{"rendered":"Resposta da Geap sobre aumento nas mensalidades dos planos de sa\u00fade"},"content":{"rendered":"<p>A operadora de atende a maioria dos servidores p\u00fablicos federais nega a vers\u00e3o de que est\u00e1 sendo articulado entre\u00a0 a empresa e a ANS um reajuste de 61%, para 2018.<\/p>\n<p>Veja a nota:<\/p>\n<p>&#8220;A Geap Autogest\u00e3o em Sa\u00fade nega, com veem\u00eancia, que tenha decidido sobre a previs\u00e3o do percentual de reajuste do custeio de seus planos, para 2018.<\/p>\n<p>A Operadora informa, ainda, que as decis\u00f5es sobre reajuste de valores s\u00e3o tomadas com base em uma s\u00e9rie de fatores, entre eles:<\/p>\n<ul>\n<li>Aumento do Rol de procedimentos a serem cobertos, por determina\u00e7\u00e3o da ANS;<\/li>\n<li>Infla\u00e7\u00e3o m\u00e9dica, que \u00e9 bem superior ao \u00cdndice de Pre\u00e7os ao Consumidor Amplo (IPCA);<\/li>\n<li>Proje\u00e7\u00e3o de despesa e receita para o ano de 2018.<\/li>\n<\/ul>\n<p>A Geap refor\u00e7a seu compromisso com os milhares de benefici\u00e1rios presentes em todo o Pa\u00eds e afirma que n\u00e3o tomar\u00e1 nenhuma decis\u00e3o que possa prejudic\u00e1-los.&#8221;<\/p>\n","protected":false},"excerpt":{"rendered":"<p>A operadora de atende a maioria dos servidores p\u00fablicos federais nega a vers\u00e3o de que est\u00e1 sendo articulado entre\u00a0 a empresa e a ANS um reajuste de 61%, para 2018. Veja a nota: &#8220;A Geap Autogest\u00e3o em Sa\u00fade nega, com veem\u00eancia, que tenha decidido sobre a previs\u00e3o do percentual de reajuste do custeio de seus planos, para 2018. A Operadora [&hellip;]<\/p>\n","protected":false},"author":27,"featured_media":0,"comment_status":"open","ping_status":"closed","sticky":false,"template":"","format":"standard","meta":{"footnotes":""},"categories":[2719],"tags":[75,2388,236,1864,3994,5659,59,76,10102,636,1057,1053,297,1054,927,10103,24,461,1492,58,1808],"class_list":["post-7632","post","type-post","status-publish","format-standard","hentry","category-servidor","tag-aumento","tag-autogestao","tag-custeio","tag-decisoes","tag-despesa","tag-fatores","tag-federais","tag-geap","tag-inflacao-medica","tag-ipca","tag-mensalidades","tag-operadora","tag-percentual","tag-planos-de-saude","tag-procedimentos","tag-projecao","tag-publicos","tag-receita","tag-resposta","tag-servidores","tag-valores"],"_links":{"self":[{"href":"https:\/\/blogs.correiobraziliense.com.br\/servidor\/wp-json\/wp\/v2\/posts\/7632","targetHints":{"allow":["GET"]}}],"collection":[{"href":"https:\/\/blogs.correiobraziliense.com.br\/servidor\/wp-json\/wp\/v2\/posts"}],"about":[{"href":"https:\/\/blogs.correiobraziliense.com.br\/servidor\/wp-json\/wp\/v2\/types\/post"}],"author":[{"embeddable":true,"href":"https:\/\/blogs.correiobraziliense.com.br\/servidor\/wp-json\/wp\/v2\/users\/27"}],"replies":[{"embeddable":true,"href":"https:\/\/blogs.correiobraziliense.com.br\/servidor\/wp-json\/wp\/v2\/comments?post=7632"}],"version-history":[{"count":1,"href":"https:\/\/blogs.correiobraziliense.com.br\/servidor\/wp-json\/wp\/v2\/posts\/7632\/revisions"}],"predecessor-version":[{"id":7633,"href":"https:\/\/blogs.correiobraziliense.com.br\/servidor\/wp-json\/wp\/v2\/posts\/7632\/revisions\/7633"}],"wp:attachment":[{"href":"https:\/\/blogs.correiobraziliense.com.br\/servidor\/wp-json\/wp\/v2\/media?parent=7632"}],"wp:term":[{"taxonomy":"category","embeddable":true,"href":"https:\/\/blogs.correiobraziliense.com.br\/servidor\/wp-json\/wp\/v2\/categories?post=7632"},{"taxonomy":"post_tag","embeddable":true,"href":"https:\/\/blogs.correiobraziliense.com.br\/servidor\/wp-json\/wp\/v2\/tags?post=7632"}],"curies":[{"name":"wp","href":"https:\/\/api.w.org\/{rel}","templated":true}]}}