{"id":7617,"date":"2017-12-03T19:50:40","date_gmt":"2017-12-03T21:50:40","guid":{"rendered":"https:\/\/blogs.correiobraziliense.com.br\/servidor\/?p=7617"},"modified":"2017-12-03T19:50:40","modified_gmt":"2017-12-03T21:50:40","slug":"servidores-protestam-em-frente-casa-de-rodrigo-maia","status":"publish","type":"post","link":"https:\/\/blogs.correiobraziliense.com.br\/servidor\/servidores-protestam-em-frente-casa-de-rodrigo-maia\/","title":{"rendered":"Servidores protestam em frente \u00e0 casa de Rodrigo Maia"},"content":{"rendered":"<p>Desde \u00e0s 18 horas,\u00a0 trabalhadores t\u00e9cnico-administrativos em educa\u00e7\u00e3o das universidades p\u00fablicas est\u00e3o em frente \u00e0 casa do presidente da C\u00e2mara dos Deputados, Rodrigo Maia, em protesto contra a mudan\u00e7a nas regras para a aposentadoria e contra &#8220;o banquete aos parlamentares para aprovar o texto&#8221;. &#8220;\u00c9 o sop\u00e3o contra a reforma da Previd\u00eancia&#8221;, informou a Fasubra, federa\u00e7\u00e3o nacional da categoria.<\/p>\n<p>Cerca de 50 pessoas, com faixas e cartazes que dizem &#8221; Educa\u00e7\u00e3o n\u00e3o \u00e9 mercadoria&#8221;, &#8220;Se votar pela reforma da Previd\u00eancia n\u00e3o volta&#8221; e &#8220;Em defesa da educa\u00e7\u00e3o p\u00fablica&#8221;, eles abordavam pacificamente todos os parlamentares que chegavam para o jantar com o presidente da C\u00e2mara.<\/p>\n<p>Mais cedo, a reuni\u00e3o foi no Pal\u00e1cio Alvorada, com o presidente da Rep\u00fablica, Michel Temer. O evento tamb\u00e9m fez parte do esfor\u00e7o do governo para conseguir os 308 votos necess\u00e1rios \u00e0 aprova\u00e7\u00e3o do projeto. Estavam presentes Moreira Franco, Maur\u00edcio Quintella, Marcos Pereira, Gilberto Kassab, Rodrigo Maia, Roberto Jefferson e Ciro Nogueira.<\/p>\n","protected":false},"excerpt":{"rendered":"<p>Desde \u00e0s 18 horas,\u00a0 trabalhadores t\u00e9cnico-administrativos em educa\u00e7\u00e3o das universidades p\u00fablicas est\u00e3o em frente \u00e0 casa do presidente da C\u00e2mara dos Deputados, Rodrigo Maia, em protesto contra a mudan\u00e7a nas regras para a aposentadoria e contra &#8220;o banquete aos parlamentares para aprovar o texto&#8221;. &#8220;\u00c9 o sop\u00e3o contra a reforma da Previd\u00eancia&#8221;, informou a Fasubra, federa\u00e7\u00e3o nacional da categoria. Cerca [&hellip;]<\/p>\n","protected":false},"author":27,"featured_media":0,"comment_status":"open","ping_status":"closed","sticky":false,"template":"","format":"standard","meta":{"footnotes":""},"categories":[2719],"tags":[7396,61,1975,10086,2474,81,2222,9727,1417,3846,58,10087,4029,19,10088,10089],"class_list":["post-7617","post","type-post","status-publish","format-standard","hentry","category-servidor","tag-almoco","tag-camara","tag-casa","tag-jantar","tag-michel-temer","tag-presidente","tag-protestam","tag-reforma-da-previdencia","tag-republica","tag-rodrigo-maia","tag-servidores","tag-sopao","tag-tecnico-administrativos","tag-trabalhadores","tag-universidades-publicas","tag-votacao-votos"],"_links":{"self":[{"href":"https:\/\/blogs.correiobraziliense.com.br\/servidor\/wp-json\/wp\/v2\/posts\/7617","targetHints":{"allow":["GET"]}}],"collection":[{"href":"https:\/\/blogs.correiobraziliense.com.br\/servidor\/wp-json\/wp\/v2\/posts"}],"about":[{"href":"https:\/\/blogs.correiobraziliense.com.br\/servidor\/wp-json\/wp\/v2\/types\/post"}],"author":[{"embeddable":true,"href":"https:\/\/blogs.correiobraziliense.com.br\/servidor\/wp-json\/wp\/v2\/users\/27"}],"replies":[{"embeddable":true,"href":"https:\/\/blogs.correiobraziliense.com.br\/servidor\/wp-json\/wp\/v2\/comments?post=7617"}],"version-history":[{"count":1,"href":"https:\/\/blogs.correiobraziliense.com.br\/servidor\/wp-json\/wp\/v2\/posts\/7617\/revisions"}],"predecessor-version":[{"id":7618,"href":"https:\/\/blogs.correiobraziliense.com.br\/servidor\/wp-json\/wp\/v2\/posts\/7617\/revisions\/7618"}],"wp:attachment":[{"href":"https:\/\/blogs.correiobraziliense.com.br\/servidor\/wp-json\/wp\/v2\/media?parent=7617"}],"wp:term":[{"taxonomy":"category","embeddable":true,"href":"https:\/\/blogs.correiobraziliense.com.br\/servidor\/wp-json\/wp\/v2\/categories?post=7617"},{"taxonomy":"post_tag","embeddable":true,"href":"https:\/\/blogs.correiobraziliense.com.br\/servidor\/wp-json\/wp\/v2\/tags?post=7617"}],"curies":[{"name":"wp","href":"https:\/\/api.w.org\/{rel}","templated":true}]}}