{"id":7602,"date":"2017-12-01T18:44:05","date_gmt":"2017-12-01T20:44:05","guid":{"rendered":"https:\/\/blogs.correiobraziliense.com.br\/servidor\/?p=7602"},"modified":"2017-12-01T18:44:05","modified_gmt":"2017-12-01T20:44:05","slug":"fonasefe-e-fonacate-mantem-mobilizacao-na-greve-geral-de-5-de-dezembro","status":"publish","type":"post","link":"https:\/\/blogs.correiobraziliense.com.br\/servidor\/fonasefe-e-fonacate-mantem-mobilizacao-na-greve-geral-de-5-de-dezembro\/","title":{"rendered":"Fonasefe e Fonacate mant\u00eam mobiliza\u00e7\u00e3o na greve geral de 5 de dezembro"},"content":{"rendered":"<p><em>O F\u00f3rum Nacional das Entidades dos Servidores P\u00fablicos Federais (Fonasefe) e o F\u00f3rum Nacional Permanente de Carreiras T\u00edpicas de Estado (Fonacate) que congregam mais de 50 entidades representativas dos servidores p\u00fablicos federais n\u00e3o acompanhar\u00e3o a decis\u00e3o das centrais sindicais<\/em><\/p>\n<p>Por meio de nota, os dois F\u00f3runs informaram que, diante da not\u00edcia da decis\u00e3o de suspens\u00e3o da Greve Geral do dia 5 de dezembro por parte de algumas centrais, v\u00eam se posicionar pela sua manuten\u00e7\u00e3o, conforme definido pelas centrais sindicais e aprovado em reuni\u00f5es conjuntas do Fonasefe e do Fonacate,\u00a0 como um dia de lutas, paralisa\u00e7\u00f5es, atos e protestos contra a reforma da Previd\u00eancia&#8221;.<\/p>\n<p>No documento, as entidades nacionais explicam que v\u00e1rios sindicatos filiados nacionais j\u00e1 aprovaram em assembleias a participa\u00e7\u00e3o, inclusive dando ampla divulga\u00e7\u00e3o nos \u00f3rg\u00e3os e imprensa. &#8220;Devemos seguir construindo nosso enfrentamento \u00e0 Reforma da Previd\u00eancia e a MP 805\/17\u00a0 e pela anula\u00e7\u00e3o da Reforma Trabalhista e\u00a0 da EC 95&#8221;, destacam.<\/p>\n","protected":false},"excerpt":{"rendered":"<p>O F\u00f3rum Nacional das Entidades dos Servidores P\u00fablicos Federais (Fonasefe) e o F\u00f3rum Nacional Permanente de Carreiras T\u00edpicas de Estado (Fonacate) que congregam mais de 50 entidades representativas dos servidores p\u00fablicos federais n\u00e3o acompanhar\u00e3o a decis\u00e3o das centrais sindicais Por meio de nota, os dois F\u00f3runs informaram que, diante da not\u00edcia da decis\u00e3o de suspens\u00e3o da Greve Geral do dia [&hellip;]<\/p>\n","protected":false},"author":27,"featured_media":0,"comment_status":"open","ping_status":"closed","sticky":false,"template":"","format":"standard","meta":{"footnotes":""},"categories":[2719],"tags":[10056,3808,651,1259,59,5632,82,7421,2907,15,4677,481,498,555,24,9727,58,1260],"class_list":["post-7602","post","type-post","status-publish","format-standard","hentry","category-servidor","tag-5-de-dezembro","tag-assembleias","tag-atos","tag-centrais","tag-federais","tag-filiados","tag-fonacate","tag-fonasefe","tag-geral","tag-greve","tag-lutas","tag-mobilizacao","tag-paralisacoes","tag-protestos","tag-publicos","tag-reforma-da-previdencia","tag-servidores","tag-sindicais"],"_links":{"self":[{"href":"https:\/\/blogs.correiobraziliense.com.br\/servidor\/wp-json\/wp\/v2\/posts\/7602","targetHints":{"allow":["GET"]}}],"collection":[{"href":"https:\/\/blogs.correiobraziliense.com.br\/servidor\/wp-json\/wp\/v2\/posts"}],"about":[{"href":"https:\/\/blogs.correiobraziliense.com.br\/servidor\/wp-json\/wp\/v2\/types\/post"}],"author":[{"embeddable":true,"href":"https:\/\/blogs.correiobraziliense.com.br\/servidor\/wp-json\/wp\/v2\/users\/27"}],"replies":[{"embeddable":true,"href":"https:\/\/blogs.correiobraziliense.com.br\/servidor\/wp-json\/wp\/v2\/comments?post=7602"}],"version-history":[{"count":1,"href":"https:\/\/blogs.correiobraziliense.com.br\/servidor\/wp-json\/wp\/v2\/posts\/7602\/revisions"}],"predecessor-version":[{"id":7603,"href":"https:\/\/blogs.correiobraziliense.com.br\/servidor\/wp-json\/wp\/v2\/posts\/7602\/revisions\/7603"}],"wp:attachment":[{"href":"https:\/\/blogs.correiobraziliense.com.br\/servidor\/wp-json\/wp\/v2\/media?parent=7602"}],"wp:term":[{"taxonomy":"category","embeddable":true,"href":"https:\/\/blogs.correiobraziliense.com.br\/servidor\/wp-json\/wp\/v2\/categories?post=7602"},{"taxonomy":"post_tag","embeddable":true,"href":"https:\/\/blogs.correiobraziliense.com.br\/servidor\/wp-json\/wp\/v2\/tags?post=7602"}],"curies":[{"name":"wp","href":"https:\/\/api.w.org\/{rel}","templated":true}]}}