{"id":7600,"date":"2017-12-01T17:45:52","date_gmt":"2017-12-01T19:45:52","guid":{"rendered":"https:\/\/blogs.correiobraziliense.com.br\/servidor\/?p=7600"},"modified":"2017-12-01T17:45:52","modified_gmt":"2017-12-01T19:45:52","slug":"frente-do-povo-sem-medo-e-unidade-classista-tambem-repudiam-recuo-das-centrais-sindicais","status":"publish","type":"post","link":"https:\/\/blogs.correiobraziliense.com.br\/servidor\/frente-do-povo-sem-medo-e-unidade-classista-tambem-repudiam-recuo-das-centrais-sindicais\/","title":{"rendered":"Frente do Povo sem Medo e Unidade Classista tamb\u00e9m repudiam recuo das centrais sindicais"},"content":{"rendered":"<p><em>A Executiva Nacional da Unidade Classista informou que recebeu com indigna\u00e7\u00e3o a not\u00edcia do cancelamento da Greve Nacional de 5 de dezembro. &#8220;Estamos convencidos de que a manuten\u00e7\u00e3o das mobiliza\u00e7\u00f5es \u00e9 uma tarefa concreta fundamental&#8221;, disse. A Frente Povo Sem Medo compreende que a amea\u00e7a permanece, &#8220;o que exige mobiliza\u00e7\u00e3o permanente dos setores populares contra este grave ataque do governo Temer&#8221;<\/em><\/p>\n<p>&#8220;Somos obrigados a, mais uma vez, repudiar a capitula\u00e7\u00e3o das centrais sindicais que decidiram suspender a paralisa\u00e7\u00e3o, a qual j\u00e1 havia sido aprovada em diversas categorias importantes em v\u00e1rias regi\u00f5es do pa\u00eds&#8221;, destacou a nota da Unidade Classista.<\/p>\n<p>A entidade afirmou, entretanto, que a situa\u00e7\u00e3o imposta pela centrais n\u00e3o a\u00a0 surpreendeu.<\/p>\n<p>&#8220;N\u00e3o podemos esperar nada de diferente de centrais que n\u00e3o possuem qualquer compromisso com os interesses da classe trabalhadora. Esperamos que, depois de mais uma rendi\u00e7\u00e3o das grandes m\u00e1quinas sindicais diante do capital e seu governo de plant\u00e3o, o campo classista enfim supere sua fragmenta\u00e7\u00e3o e avance na reorganiza\u00e7\u00e3o da classe trabalhadora. Estamos convencidos de que a manuten\u00e7\u00e3o das mobiliza\u00e7\u00f5es em 05\/12 \u00e9 uma tarefa concreta fundamental nesse sentido. A Unidade Classista orienta sua milit\u00e2ncia a sustentar a ofensiva mantendo as greves e manifesta\u00e7\u00f5es onde for poss\u00edvel, de acordo com as condi\u00e7\u00f5es de cada categoria&#8221;.<\/p>\n<p>A Frente Povo Sem Medo compreende que a amea\u00e7a permanece, &#8220;o que exige mobiliza\u00e7\u00e3o permanente dos setores populares contra este grave ataque do governo Temer&#8221;. Por isso, vai manter as manifesta\u00e7\u00f5es de rua marcadas para o dia 5 em v\u00e1rias cidades brasileiras e apoiar todas as paralisa\u00e7\u00f5es. &#8220;Seguiremos com a orienta\u00e7\u00e3o de unidade com a Frente Brasil Popular na constru\u00e7\u00e3o destas atividades&#8221;, destacou.<\/p>\n<p>&nbsp;<\/p>\n","protected":false},"excerpt":{"rendered":"<p>A Executiva Nacional da Unidade Classista informou que recebeu com indigna\u00e7\u00e3o a not\u00edcia do cancelamento da Greve Nacional de 5 de dezembro. &#8220;Estamos convencidos de que a manuten\u00e7\u00e3o das mobiliza\u00e7\u00f5es \u00e9 uma tarefa concreta fundamental&#8221;, disse. A Frente Povo Sem Medo compreende que a amea\u00e7a permanece, &#8220;o que exige mobiliza\u00e7\u00e3o permanente dos setores populares contra este grave ataque do governo [&hellip;]<\/p>\n","protected":false},"author":27,"featured_media":0,"comment_status":"open","ping_status":"closed","sticky":false,"template":"","format":"standard","meta":{"footnotes":""},"categories":[2719],"tags":[10056,327,2137,4608,10057,803,1259,10053,98,15,497,70,4865,198,630,3116,10055,6546,5818,1260,10054],"class_list":["post-7600","post","type-post","status-publish","format-standard","hentry","category-servidor","tag-5-de-dezembro","tag-ameaca","tag-ataque","tag-cancelamento","tag-capitulacao","tag-categorias","tag-centrais","tag-frente-povo-sem-medo","tag-governo","tag-greve","tag-mobilizacoes","tag-nacional","tag-ofensiva","tag-pais","tag-populares","tag-recuo","tag-redudiam","tag-regioes","tag-setores","tag-sindicais","tag-unidade-classista"],"_links":{"self":[{"href":"https:\/\/blogs.correiobraziliense.com.br\/servidor\/wp-json\/wp\/v2\/posts\/7600","targetHints":{"allow":["GET"]}}],"collection":[{"href":"https:\/\/blogs.correiobraziliense.com.br\/servidor\/wp-json\/wp\/v2\/posts"}],"about":[{"href":"https:\/\/blogs.correiobraziliense.com.br\/servidor\/wp-json\/wp\/v2\/types\/post"}],"author":[{"embeddable":true,"href":"https:\/\/blogs.correiobraziliense.com.br\/servidor\/wp-json\/wp\/v2\/users\/27"}],"replies":[{"embeddable":true,"href":"https:\/\/blogs.correiobraziliense.com.br\/servidor\/wp-json\/wp\/v2\/comments?post=7600"}],"version-history":[{"count":1,"href":"https:\/\/blogs.correiobraziliense.com.br\/servidor\/wp-json\/wp\/v2\/posts\/7600\/revisions"}],"predecessor-version":[{"id":7601,"href":"https:\/\/blogs.correiobraziliense.com.br\/servidor\/wp-json\/wp\/v2\/posts\/7600\/revisions\/7601"}],"wp:attachment":[{"href":"https:\/\/blogs.correiobraziliense.com.br\/servidor\/wp-json\/wp\/v2\/media?parent=7600"}],"wp:term":[{"taxonomy":"category","embeddable":true,"href":"https:\/\/blogs.correiobraziliense.com.br\/servidor\/wp-json\/wp\/v2\/categories?post=7600"},{"taxonomy":"post_tag","embeddable":true,"href":"https:\/\/blogs.correiobraziliense.com.br\/servidor\/wp-json\/wp\/v2\/tags?post=7600"}],"curies":[{"name":"wp","href":"https:\/\/api.w.org\/{rel}","templated":true}]}}