{"id":7575,"date":"2017-11-30T13:57:35","date_gmt":"2017-11-30T15:57:35","guid":{"rendered":"https:\/\/blogs.correiobraziliense.com.br\/servidor\/?p=7575"},"modified":"2017-11-30T13:57:35","modified_gmt":"2017-11-30T15:57:35","slug":"metro-df-altera-funcionamento-na-tarde-desta-quinta-feira-30-dia-do-evangelico","status":"publish","type":"post","link":"https:\/\/blogs.correiobraziliense.com.br\/servidor\/metro-df-altera-funcionamento-na-tarde-desta-quinta-feira-30-dia-do-evangelico\/","title":{"rendered":"Metr\u00f4-DF altera funcionamento na tarde desta quinta-feira (30), Dia do Evang\u00e9lico"},"content":{"rendered":"<p><i>Medida adotada pela empresa para diminuir os transtornos \u00e0 popula\u00e7\u00e3o em fun\u00e7\u00e3o da greve dos metrovi\u00e1rios<\/i><\/p>\n<div dir=\"ltr\">Em fun\u00e7\u00e3o do grande volume de usu\u00e1rios na manh\u00e3 desta <span id=\"OBJ_PREFIX_DWT755_com_zimbra_date\" class=\"Object\">quinta<\/span>-feira (30), quando a empresa operou em cumprimento \u00e0 decis\u00e3o judicial do Tribunal Regional do Trabalho (TRT), o Metr\u00f4-DF est\u00e1 alterando o funcionamento durante o per\u00edodo da tarde. Assim, a<i> <\/i>opera\u00e7\u00e3o ser\u00e1 realizada da seguinte forma:<\/p>\n<\/div>\n<div>De acordo com a empresa, a esta\u00e7\u00e3o Galeria abrir\u00e1 para embarque e desembarque a partir da 15h30.<\/p>\n<p>As esta\u00e7\u00f5es Arniqueiras, Taguatinga Sul e Ceil\u00e2ndia Sul abrir\u00e3o somente para desembarque a partir das 15h30.<\/p>\n<p>As 10 esta\u00e7\u00f5es abertas para embarque e desembarque (Central, Shopping, Guar\u00e1, \u00c1guas Claras, Pra\u00e7a do Rel\u00f3gio, Ceil\u00e2ndia Centro, Terminal Ceil\u00e2ndia, Furnas e Terminal Samambaia e Galeria) fechar\u00e3o \u00e0s 20h.<\/p>\n<p>A opera\u00e7\u00e3o ser\u00e1 dar\u00e1 com, no m\u00ednimo, 12 trens.<\/p><\/div>\n","protected":false},"excerpt":{"rendered":"<p>Medida adotada pela empresa para diminuir os transtornos \u00e0 popula\u00e7\u00e3o em fun\u00e7\u00e3o da greve dos metrovi\u00e1rios Em fun\u00e7\u00e3o do grande volume de usu\u00e1rios na manh\u00e3 desta quinta-feira (30), quando a empresa operou em cumprimento \u00e0 decis\u00e3o judicial do Tribunal Regional do Trabalho (TRT), o Metr\u00f4-DF est\u00e1 alterando o funcionamento durante o per\u00edodo da tarde. Assim, a opera\u00e7\u00e3o ser\u00e1 realizada da [&hellip;]<\/p>\n","protected":false},"author":27,"featured_media":0,"comment_status":"open","ping_status":"closed","sticky":false,"template":"","format":"standard","meta":{"footnotes":""},"categories":[2719],"tags":[9487,10033,9486,10034,942,15,649,7055,545,8899,1355,864],"class_list":["post-7575","post","type-post","status-publish","format-standard","hentry","category-servidor","tag-desembarque","tag-dia-do-evangelico","tag-embarque","tag-estacoes","tag-funcionamento","tag-greve","tag-metro-df","tag-metroviarios","tag-populacao","tag-transtornos","tag-trt","tag-usuarios"],"_links":{"self":[{"href":"https:\/\/blogs.correiobraziliense.com.br\/servidor\/wp-json\/wp\/v2\/posts\/7575","targetHints":{"allow":["GET"]}}],"collection":[{"href":"https:\/\/blogs.correiobraziliense.com.br\/servidor\/wp-json\/wp\/v2\/posts"}],"about":[{"href":"https:\/\/blogs.correiobraziliense.com.br\/servidor\/wp-json\/wp\/v2\/types\/post"}],"author":[{"embeddable":true,"href":"https:\/\/blogs.correiobraziliense.com.br\/servidor\/wp-json\/wp\/v2\/users\/27"}],"replies":[{"embeddable":true,"href":"https:\/\/blogs.correiobraziliense.com.br\/servidor\/wp-json\/wp\/v2\/comments?post=7575"}],"version-history":[{"count":1,"href":"https:\/\/blogs.correiobraziliense.com.br\/servidor\/wp-json\/wp\/v2\/posts\/7575\/revisions"}],"predecessor-version":[{"id":7576,"href":"https:\/\/blogs.correiobraziliense.com.br\/servidor\/wp-json\/wp\/v2\/posts\/7575\/revisions\/7576"}],"wp:attachment":[{"href":"https:\/\/blogs.correiobraziliense.com.br\/servidor\/wp-json\/wp\/v2\/media?parent=7575"}],"wp:term":[{"taxonomy":"category","embeddable":true,"href":"https:\/\/blogs.correiobraziliense.com.br\/servidor\/wp-json\/wp\/v2\/categories?post=7575"},{"taxonomy":"post_tag","embeddable":true,"href":"https:\/\/blogs.correiobraziliense.com.br\/servidor\/wp-json\/wp\/v2\/tags?post=7575"}],"curies":[{"name":"wp","href":"https:\/\/api.w.org\/{rel}","templated":true}]}}