{"id":7569,"date":"2017-11-29T16:30:15","date_gmt":"2017-11-29T18:30:15","guid":{"rendered":"https:\/\/blogs.correiobraziliense.com.br\/servidor\/?p=7569"},"modified":"2017-11-29T16:30:15","modified_gmt":"2017-11-29T18:30:15","slug":"planejamento-e-defesa-permutam-imoveis-para-tornar-mais-eficiente-gestao-do-patrimonio","status":"publish","type":"post","link":"https:\/\/blogs.correiobraziliense.com.br\/servidor\/planejamento-e-defesa-permutam-imoveis-para-tornar-mais-eficiente-gestao-do-patrimonio\/","title":{"rendered":"Planejamento e Defesa permutam im\u00f3veis para tornar mais eficiente a gest\u00e3o do patrim\u00f4nio"},"content":{"rendered":"<p><i>Medida reduz gastos da SPU\/MP com manuten\u00e7\u00e3o e diminui demanda das For\u00e7as Armadas por apartamentos, informa o Planejamento<br \/>\n<\/i><\/p>\n<p>Protocolo de inten\u00e7\u00f5es celebrado entre os minist\u00e9rios do Planejamento, Desenvolvimento e Gest\u00e3o (MP) e da Defesa auxiliar\u00e1 a Secretaria do Patrim\u00f4nio da Uni\u00e3o (SPU\/MP) a tornar mais eficiente a gest\u00e3o do patrim\u00f4nio da Uni\u00e3o. Por meio dele, a SPU\/MP vai transferir apartamentos funcionais, proje\u00e7\u00f5es para apartamentos e lotes no Distrito Federal. Em contrapartida, a Defesa repassar\u00e1 \u00e0 Secretaria proje\u00e7\u00f5es para apartamentos, lotes comerciais e um lote residencial, todos em \u00e1rea nobre de Bras\u00edlia.<\/p>\n<p>Com essa transfer\u00eancia, a SPU\/MP n\u00e3o ter\u00e1 mais gastos com manuten\u00e7\u00e3o, pagamento de taxas, impostos e condom\u00ednios das unidades que est\u00e3o desocupadas.<\/p>\n<p>\u201cAl\u00e9m disso, a permuta ser\u00e1 ben\u00e9fica aos dois \u00f3rg\u00e3os: para as For\u00e7as Armadas, que diminuem sua demanda por apartamentos; e para a SPU, que incorpora ao seu patrim\u00f4nio, im\u00f3veis de \u00f3timo lastro comercial\u201d, explica o secret\u00e1rio do patrim\u00f4nio da Uni\u00e3o, Sidrack Correia.<\/p>\n<p>O protocolo, publicado nesta segunda-feira (27\/11) no Di\u00e1rio Oficial da Uni\u00e3o, foi assinado na \u00faltima semana pelos ministros Dyogo Oliveira e Raul Jungmann.\u00a0 Os \u00f3rg\u00e3os ter\u00e3o um prazo estimado de 30 dias para fazer a transfer\u00eancia dos seus respectivos patrim\u00f4nios.<\/p>\n<p>No total, seis im\u00f3veis ser\u00e3o incorporados \u00e0 gest\u00e3o da SPU, todos em Bras\u00edlia: tr\u00eas proje\u00e7\u00f5es para edif\u00edcios residenciais na Asa Norte, um lote comercial na 903 Sul, um lote no Setor de Garagens Oficiais e um terreno na QL 12 do Lago Sul.<\/p>\n<p>O Minist\u00e9rio da Defesa, por sua vez, receber\u00e1 142 apartamentos nas Asas Sul, Norte, Setor Octogonal e Cruzeiro; tr\u00eas lotes no Guar\u00e1 II; uma proje\u00e7\u00e3o na 114 Norte, uma proje\u00e7\u00e3o na 311 Sul e um lote no Lago Sul. Esses im\u00f3veis ser\u00e3o destinados aos Comandos do Ex\u00e9rcito, da Marinha e da Aeron\u00e1utica, mas continuar\u00e3o a integrar o cadastro patrimonial da Uni\u00e3o.<\/p>\n","protected":false},"excerpt":{"rendered":"<p>Medida reduz gastos da SPU\/MP com manuten\u00e7\u00e3o e diminui demanda das For\u00e7as Armadas por apartamentos, informa o Planejamento Protocolo de inten\u00e7\u00f5es celebrado entre os minist\u00e9rios do Planejamento, Desenvolvimento e Gest\u00e3o (MP) e da Defesa auxiliar\u00e1 a Secretaria do Patrim\u00f4nio da Uni\u00e3o (SPU\/MP) a tornar mais eficiente a gest\u00e3o do patrim\u00f4nio da Uni\u00e3o. Por meio dele, a SPU\/MP vai transferir apartamentos [&hellip;]<\/p>\n","protected":false},"author":27,"featured_media":0,"comment_status":"open","ping_status":"closed","sticky":false,"template":"","format":"standard","meta":{"footnotes":""},"categories":[2719],"tags":[5941,10021,1612,10017,1201,10018,10020,3670,3096,1169,315,1832,2770,1778,5277,1454,3,5190,10016,3025,10019,330,514],"class_list":["post-7569","post","type-post","status-publish","format-standard","hentry","category-servidor","tag-aeronautica","tag-aparamentos","tag-comercial","tag-condominios","tag-defesa","tag-desocupadas","tag-edificios","tag-exercito","tag-forcas-armadas","tag-gastos","tag-gestao","tag-imoveis","tag-impostos","tag-manutencao","tag-marinha","tag-patrimonio","tag-planejamento","tag-residenciais","tag-spump","tag-taxas","tag-trasferencia","tag-uniao","tag-unidades"],"_links":{"self":[{"href":"https:\/\/blogs.correiobraziliense.com.br\/servidor\/wp-json\/wp\/v2\/posts\/7569","targetHints":{"allow":["GET"]}}],"collection":[{"href":"https:\/\/blogs.correiobraziliense.com.br\/servidor\/wp-json\/wp\/v2\/posts"}],"about":[{"href":"https:\/\/blogs.correiobraziliense.com.br\/servidor\/wp-json\/wp\/v2\/types\/post"}],"author":[{"embeddable":true,"href":"https:\/\/blogs.correiobraziliense.com.br\/servidor\/wp-json\/wp\/v2\/users\/27"}],"replies":[{"embeddable":true,"href":"https:\/\/blogs.correiobraziliense.com.br\/servidor\/wp-json\/wp\/v2\/comments?post=7569"}],"version-history":[{"count":1,"href":"https:\/\/blogs.correiobraziliense.com.br\/servidor\/wp-json\/wp\/v2\/posts\/7569\/revisions"}],"predecessor-version":[{"id":7570,"href":"https:\/\/blogs.correiobraziliense.com.br\/servidor\/wp-json\/wp\/v2\/posts\/7569\/revisions\/7570"}],"wp:attachment":[{"href":"https:\/\/blogs.correiobraziliense.com.br\/servidor\/wp-json\/wp\/v2\/media?parent=7569"}],"wp:term":[{"taxonomy":"category","embeddable":true,"href":"https:\/\/blogs.correiobraziliense.com.br\/servidor\/wp-json\/wp\/v2\/categories?post=7569"},{"taxonomy":"post_tag","embeddable":true,"href":"https:\/\/blogs.correiobraziliense.com.br\/servidor\/wp-json\/wp\/v2\/tags?post=7569"}],"curies":[{"name":"wp","href":"https:\/\/api.w.org\/{rel}","templated":true}]}}