{"id":7563,"date":"2017-11-29T14:42:16","date_gmt":"2017-11-29T16:42:16","guid":{"rendered":"https:\/\/blogs.correiobraziliense.com.br\/servidor\/?p=7563"},"modified":"2017-11-29T14:42:16","modified_gmt":"2017-11-29T16:42:16","slug":"mec-libera-100-do-orcamento-de-custeio-para-universidades-e-institutos-federais","status":"publish","type":"post","link":"https:\/\/blogs.correiobraziliense.com.br\/servidor\/mec-libera-100-do-orcamento-de-custeio-para-universidades-e-institutos-federais\/","title":{"rendered":"MEC libera 100% do or\u00e7amento de custeio para universidades e institutos federais"},"content":{"rendered":"<p><em>Os repasses da atual libera\u00e7\u00e3o somam R$ 343,54 milh\u00f5es para as universidades e R$ 148,54 milh\u00f5es para os institutos federais. O restante, R$ 4,96 milh\u00f5es, foi repassado ao Instituto Nacional de Educa\u00e7\u00e3o de Surdos (Ines), ao Instituto Benjamin Constant (IBC) e \u00e0 Funda\u00e7\u00e3o Joaquim Nabuco (Fundaj)<\/em><\/p>\n<p>O Minist\u00e9rio da Educa\u00e7\u00e3o anunciou nesta <span id=\"OBJ_PREFIX_DWT1732_com_zimbra_date\" class=\"Object\"><span id=\"OBJ_PREFIX_DWT1743_com_zimbra_date\" class=\"Object\">quarta<\/span><\/span>-feira, 29, a libera\u00e7\u00e3o de 100% do custeio para universidades, institutos federais de todo o pa\u00eds e institui\u00e7\u00f5es vinculadas \u00e0 pasta. \u201cPelo segundo ano consecutivo, garantimos 100% do custeio para a rede federal, fato que n\u00e3o acontecia h\u00e1 alguns anos\u201d, declarou o ministro Mendon\u00e7a Filho. \u201cReafirmamos nosso compromisso com a educa\u00e7\u00e3o superior, t\u00e9cnica e tecnol\u00f3gica, assegurando a manuten\u00e7\u00e3o adequada do dia a dia, como limpeza, vigil\u00e2ncia e outras atividades essenciais, para o bom funcionamento dessas institui\u00e7\u00f5es, dando tranquilidade aos professores, servidores e todos os estudantes brasileiros.\u201d<\/p>\n<p>Do montante de R$ 1,023 bilh\u00e3o liberados nesta <span id=\"OBJ_PREFIX_DWT1733_com_zimbra_date\" class=\"Object\"><span id=\"OBJ_PREFIX_DWT1744_com_zimbra_date\" class=\"Object\">quarta<\/span><\/span>, R$ 497,04 milh\u00f5es s\u00e3o referentes a recursos financeiros discricion\u00e1rios, quantia que, somada ao que j\u00e1 foi repassado este ano, chega a R$ 7 bilh\u00f5es. Os repasses da atual libera\u00e7\u00e3o somam R$ 343,54 milh\u00f5es para as universidades e R$ 148,54 milh\u00f5es para os institutos federais. O restante, R$ 4,96 milh\u00f5es, foi repassado ao Instituto Nacional de Educa\u00e7\u00e3o de Surdos (Ines), ao Instituto Benjamin Constant (IBC) e \u00e0 Funda\u00e7\u00e3o Joaquim Nabuco (Fundaj), \u00f3rg\u00e3os vinculados ao MEC. Os recursos ser\u00e3o aplicados em manuten\u00e7\u00e3o, custeio e pagamento de assist\u00eancia estudantil, entre outras finalidades.<\/p>\n<p>Os outros R$ 525,6 milh\u00f5es liberados referem-se ao limite de empenho para custeio das institui\u00e7\u00f5es federais de ensino. Com isso, pelo segundo ano consecutivo, a atual gest\u00e3o do MEC garante que as universidades e institutos federais tenham 100% do or\u00e7amento dispon\u00edvel para as despesas necess\u00e1rias \u00e0 manuten\u00e7\u00e3o e \u00e0 regular continuidade da presta\u00e7\u00e3o dos servi\u00e7os.<\/p>\n<p>A maior parte do or\u00e7amento de custeio liberado, R$ 366,7 milh\u00f5es, ser\u00e1 repassada \u00e0s universidades federais, cujo total de recursos chegar\u00e1 a R$ 5,1 bilh\u00f5es liberados neste ano. J\u00e1 a rede federal de educa\u00e7\u00e3o profissional, cient\u00edfica e tecnol\u00f3gica receber\u00e1 R$ 158,9 milh\u00f5es, chegando a R$ 2,21 bilh\u00f5es de or\u00e7amento para custeio.<\/p>\n<p>Em mar\u00e7o de 2016, o MEC teve corte de R$ 6,4 bilh\u00f5es no or\u00e7amento do ano. Quando assumiu, em maio do ano passado, a atual gest\u00e3o do MEC recuperou R$ 4,7 bilh\u00f5es do que havia sido cortado. Com essa recomposi\u00e7\u00e3o, foi poss\u00edvel dar continuidade aos programas, preservar recursos para custeio e possibilitar a retomada de obras nas institui\u00e7\u00f5es federais<\/p>\n","protected":false},"excerpt":{"rendered":"<p>Os repasses da atual libera\u00e7\u00e3o somam R$ 343,54 milh\u00f5es para as universidades e R$ 148,54 milh\u00f5es para os institutos federais. O restante, R$ 4,96 milh\u00f5es, foi repassado ao Instituto Nacional de Educa\u00e7\u00e3o de Surdos (Ines), ao Instituto Benjamin Constant (IBC) e \u00e0 Funda\u00e7\u00e3o Joaquim Nabuco (Fundaj) O Minist\u00e9rio da Educa\u00e7\u00e3o anunciou nesta quarta-feira, 29, a libera\u00e7\u00e3o de 100% do custeio [&hellip;]<\/p>\n","protected":false},"author":27,"featured_media":0,"comment_status":"open","ping_status":"closed","sticky":false,"template":"","format":"standard","meta":{"footnotes":""},"categories":[2719],"tags":[236,235,5590,1296,59,6729,269,392,318,6012],"class_list":["post-7563","post","type-post","status-publish","format-standard","hentry","category-servidor","tag-custeio","tag-despesas","tag-empenho","tag-ensino","tag-federais","tag-institutos","tag-libera","tag-mec","tag-orcamento","tag-universidades"],"_links":{"self":[{"href":"https:\/\/blogs.correiobraziliense.com.br\/servidor\/wp-json\/wp\/v2\/posts\/7563","targetHints":{"allow":["GET"]}}],"collection":[{"href":"https:\/\/blogs.correiobraziliense.com.br\/servidor\/wp-json\/wp\/v2\/posts"}],"about":[{"href":"https:\/\/blogs.correiobraziliense.com.br\/servidor\/wp-json\/wp\/v2\/types\/post"}],"author":[{"embeddable":true,"href":"https:\/\/blogs.correiobraziliense.com.br\/servidor\/wp-json\/wp\/v2\/users\/27"}],"replies":[{"embeddable":true,"href":"https:\/\/blogs.correiobraziliense.com.br\/servidor\/wp-json\/wp\/v2\/comments?post=7563"}],"version-history":[{"count":1,"href":"https:\/\/blogs.correiobraziliense.com.br\/servidor\/wp-json\/wp\/v2\/posts\/7563\/revisions"}],"predecessor-version":[{"id":7564,"href":"https:\/\/blogs.correiobraziliense.com.br\/servidor\/wp-json\/wp\/v2\/posts\/7563\/revisions\/7564"}],"wp:attachment":[{"href":"https:\/\/blogs.correiobraziliense.com.br\/servidor\/wp-json\/wp\/v2\/media?parent=7563"}],"wp:term":[{"taxonomy":"category","embeddable":true,"href":"https:\/\/blogs.correiobraziliense.com.br\/servidor\/wp-json\/wp\/v2\/categories?post=7563"},{"taxonomy":"post_tag","embeddable":true,"href":"https:\/\/blogs.correiobraziliense.com.br\/servidor\/wp-json\/wp\/v2\/tags?post=7563"}],"curies":[{"name":"wp","href":"https:\/\/api.w.org\/{rel}","templated":true}]}}