{"id":7561,"date":"2017-11-29T14:38:20","date_gmt":"2017-11-29T16:38:20","guid":{"rendered":"https:\/\/blogs.correiobraziliense.com.br\/servidor\/?p=7561"},"modified":"2017-11-29T14:38:20","modified_gmt":"2017-11-29T16:38:20","slug":"presidentes-das-centrais-sindicais-e-presidente-da-camara-se-reunem-hoje","status":"publish","type":"post","link":"https:\/\/blogs.correiobraziliense.com.br\/servidor\/presidentes-das-centrais-sindicais-e-presidente-da-camara-se-reunem-hoje\/","title":{"rendered":"Presidentes das centrais sindicais e presidente da C\u00e2mara se re\u00fanem hoje"},"content":{"rendered":"<p>Presidentes das centrais sindicais se re\u00fanem <span id=\"OBJ_PREFIX_DWT1651_com_zimbra_date\" class=\"Object\"><span id=\"OBJ_PREFIX_DWT1659_com_zimbra_date\" class=\"Object\">hoje<\/span><\/span>, dia 29, \u00e0s 17 horas, com o presidente da C\u00e2mara dos Deputados, Rodrigo Maia, no gabinete da Presid\u00eancia.<\/p>\n<p>Pauta: reforma da Previd\u00eancia.<\/p>\n","protected":false},"excerpt":{"rendered":"<p>Presidentes das centrais sindicais se re\u00fanem hoje, dia 29, \u00e0s 17 horas, com o presidente da C\u00e2mara dos Deputados, Rodrigo Maia, no gabinete da Presid\u00eancia. Pauta: reforma da Previd\u00eancia.<\/p>\n","protected":false},"author":27,"featured_media":0,"comment_status":"open","ping_status":"closed","sticky":false,"template":"","format":"standard","meta":{"footnotes":""},"categories":[2719],"tags":[61,1259,3385,4600,9727,1260],"class_list":["post-7561","post","type-post","status-publish","format-standard","hentry","category-servidor","tag-camara","tag-centrais","tag-gabinete","tag-presidentes","tag-reforma-da-previdencia","tag-sindicais"],"_links":{"self":[{"href":"https:\/\/blogs.correiobraziliense.com.br\/servidor\/wp-json\/wp\/v2\/posts\/7561","targetHints":{"allow":["GET"]}}],"collection":[{"href":"https:\/\/blogs.correiobraziliense.com.br\/servidor\/wp-json\/wp\/v2\/posts"}],"about":[{"href":"https:\/\/blogs.correiobraziliense.com.br\/servidor\/wp-json\/wp\/v2\/types\/post"}],"author":[{"embeddable":true,"href":"https:\/\/blogs.correiobraziliense.com.br\/servidor\/wp-json\/wp\/v2\/users\/27"}],"replies":[{"embeddable":true,"href":"https:\/\/blogs.correiobraziliense.com.br\/servidor\/wp-json\/wp\/v2\/comments?post=7561"}],"version-history":[{"count":1,"href":"https:\/\/blogs.correiobraziliense.com.br\/servidor\/wp-json\/wp\/v2\/posts\/7561\/revisions"}],"predecessor-version":[{"id":7562,"href":"https:\/\/blogs.correiobraziliense.com.br\/servidor\/wp-json\/wp\/v2\/posts\/7561\/revisions\/7562"}],"wp:attachment":[{"href":"https:\/\/blogs.correiobraziliense.com.br\/servidor\/wp-json\/wp\/v2\/media?parent=7561"}],"wp:term":[{"taxonomy":"category","embeddable":true,"href":"https:\/\/blogs.correiobraziliense.com.br\/servidor\/wp-json\/wp\/v2\/categories?post=7561"},{"taxonomy":"post_tag","embeddable":true,"href":"https:\/\/blogs.correiobraziliense.com.br\/servidor\/wp-json\/wp\/v2\/tags?post=7561"}],"curies":[{"name":"wp","href":"https:\/\/api.w.org\/{rel}","templated":true}]}}