{"id":7545,"date":"2017-11-24T18:34:43","date_gmt":"2017-11-24T20:34:43","guid":{"rendered":"https:\/\/blogs.correiobraziliense.com.br\/servidor\/?p=7545"},"modified":"2017-11-24T18:34:43","modified_gmt":"2017-11-24T20:34:43","slug":"ministerio-publico-questiona-no-stf-medida-provisoria-que-aumentou-aliquota-de-contribuicao-previdenciaria","status":"publish","type":"post","link":"https:\/\/blogs.correiobraziliense.com.br\/servidor\/ministerio-publico-questiona-no-stf-medida-provisoria-que-aumentou-aliquota-de-contribuicao-previdenciaria\/","title":{"rendered":"Minist\u00e9rio P\u00fablico questiona no STF medida provis\u00f3ria que aumentou al\u00edquota de contribui\u00e7\u00e3o previdenci\u00e1ria"},"content":{"rendered":"<div><em>A Associa\u00e7\u00e3o Nacional dos Membros do Minist\u00e9rio P\u00fablico (Conamp), a Associa\u00e7\u00e3o Nacional dos Procuradores da Rep\u00fablica (ANPR) e a Associa\u00e7\u00e3o Nacional dos Procuradores do Trabalho (ANPT) ajuizaram A\u00e7\u00e3o Direta de Inconstitucionalidade no Supremo Tribunal Federal(STF), com pedido de liminar, contra a Medida Provis\u00f3ria (MP) 805\/2017, que fixou al\u00edquota progressiva para os servidores p\u00fablicos federais.<\/em><\/div>\n<div><\/div>\n<div>Segundo as associa\u00e7\u00f5es, a MP \u00e9 inconstitucional ao impor al\u00edquota progressiva, caracterizando, portanto, efeito de confisco do Estado. \u201c(&#8230;) a Constitui\u00e7\u00e3o da Rep\u00fablica veda qualquer tributa\u00e7\u00e3o confiscat\u00f3ria, para que assim se evite a indevida apropria\u00e7\u00e3o do Estado. Ali\u00e1s, a carga tribut\u00e1ria originariamente imposta j\u00e1 se mostra acima do razo\u00e1vel, e querer aument\u00e1-la em tempos de aus\u00eancia de reajustes m\u00ednimos devidos representa a redu\u00e7\u00e3o da remunera\u00e7\u00e3o recebida, contrariando outra garantia constitucional (&#8230;) que \u00e9 a irredutibilidade de subs\u00eddios\u201d, descreve o documento inicial da a\u00e7\u00e3o.<\/div>\n<div><\/div>\n<div>Apesar de <span id=\"OBJ_PREFIX_DWT889_com_zimbra_date\" class=\"Object\"><span id=\"OBJ_PREFIX_DWT894_com_zimbra_date\" class=\"Object\">ter<\/span><\/span> ingresso no STF, at\u00e9 a veicula\u00e7\u00e3o desta not\u00edcia, a ADI n\u00e3o havia sido enumerada nem distribu\u00edda para relatoria.<\/div>\n","protected":false},"excerpt":{"rendered":"<p>A Associa\u00e7\u00e3o Nacional dos Membros do Minist\u00e9rio P\u00fablico (Conamp), a Associa\u00e7\u00e3o Nacional dos Procuradores da Rep\u00fablica (ANPR) e a Associa\u00e7\u00e3o Nacional dos Procuradores do Trabalho (ANPT) ajuizaram A\u00e7\u00e3o Direta de Inconstitucionalidade no Supremo Tribunal Federal(STF), com pedido de liminar, contra a Medida Provis\u00f3ria (MP) 805\/2017, que fixou al\u00edquota progressiva para os servidores p\u00fablicos federais. Segundo as associa\u00e7\u00f5es, a MP \u00e9 [&hellip;]<\/p>\n","protected":false},"author":27,"featured_media":0,"comment_status":"open","ping_status":"closed","sticky":false,"template":"","format":"standard","meta":{"footnotes":""},"categories":[2719],"tags":[4414,4959,4218,4460,6293,2584,131,56,1164,5030,417,853,9537,132,9982,690,325,1620,58,34,2799],"class_list":["post-7545","post","type-post","status-publish","format-standard","hentry","category-servidor","tag-aliquota","tag-anpr","tag-anpt","tag-conamp","tag-confisco","tag-constituicao","tag-contribuicao","tag-estado","tag-funcionalismo","tag-irredutibilidade","tag-ministerio-publico","tag-mp","tag-mp-8052017","tag-previdenciaria","tag-progressiva","tag-reajustes","tag-reducao","tag-remuneracao","tag-servidores","tag-stf","tag-subsidios"],"_links":{"self":[{"href":"https:\/\/blogs.correiobraziliense.com.br\/servidor\/wp-json\/wp\/v2\/posts\/7545","targetHints":{"allow":["GET"]}}],"collection":[{"href":"https:\/\/blogs.correiobraziliense.com.br\/servidor\/wp-json\/wp\/v2\/posts"}],"about":[{"href":"https:\/\/blogs.correiobraziliense.com.br\/servidor\/wp-json\/wp\/v2\/types\/post"}],"author":[{"embeddable":true,"href":"https:\/\/blogs.correiobraziliense.com.br\/servidor\/wp-json\/wp\/v2\/users\/27"}],"replies":[{"embeddable":true,"href":"https:\/\/blogs.correiobraziliense.com.br\/servidor\/wp-json\/wp\/v2\/comments?post=7545"}],"version-history":[{"count":1,"href":"https:\/\/blogs.correiobraziliense.com.br\/servidor\/wp-json\/wp\/v2\/posts\/7545\/revisions"}],"predecessor-version":[{"id":7546,"href":"https:\/\/blogs.correiobraziliense.com.br\/servidor\/wp-json\/wp\/v2\/posts\/7545\/revisions\/7546"}],"wp:attachment":[{"href":"https:\/\/blogs.correiobraziliense.com.br\/servidor\/wp-json\/wp\/v2\/media?parent=7545"}],"wp:term":[{"taxonomy":"category","embeddable":true,"href":"https:\/\/blogs.correiobraziliense.com.br\/servidor\/wp-json\/wp\/v2\/categories?post=7545"},{"taxonomy":"post_tag","embeddable":true,"href":"https:\/\/blogs.correiobraziliense.com.br\/servidor\/wp-json\/wp\/v2\/tags?post=7545"}],"curies":[{"name":"wp","href":"https:\/\/api.w.org\/{rel}","templated":true}]}}