{"id":7543,"date":"2017-11-24T17:45:09","date_gmt":"2017-11-24T19:45:09","guid":{"rendered":"https:\/\/blogs.correiobraziliense.com.br\/servidor\/?p=7543"},"modified":"2017-11-24T17:45:09","modified_gmt":"2017-11-24T19:45:09","slug":"previdencia-fonacate-e-afiliadas-protocolam-acao-para-retirar-do-ar-campanha-do-governo","status":"publish","type":"post","link":"https:\/\/blogs.correiobraziliense.com.br\/servidor\/previdencia-fonacate-e-afiliadas-protocolam-acao-para-retirar-do-ar-campanha-do-governo\/","title":{"rendered":"Previd\u00eancia &#8211; Fonacate e afiliadas protocolam a\u00e7\u00e3o para retirar do ar campanha do governo"},"content":{"rendered":"<p><span class=\"ntico\"><span id=\"notictext\" class=\"freeco\">O F\u00f3rum das Carreiras de Estado (Fonacate) com o apoio das 28 afiliadas protocola na tarde desta sexta-feira (24)\u00a0 uma a\u00e7\u00e3o na Justi\u00e7a, com o objetivo de retirar do ar a publicidade do governo federal sobre a reforma da Previd\u00eancia que diz que \u201cservidor p\u00fablico tem privil\u00e9gios\u201d.<\/span><\/span><\/p>\n<p>Na pr\u00f3xima semana o Fonacate lan\u00e7a uma campanha de TV para desmentir as fal\u00e1cias do governo e atacar a reforma da Previd\u00eancia. Em seu primeiro v\u00eddeo contra a reforma, o F\u00f3rum afirmou que o governo tem que adotar medidas firmes contra a corrup\u00e7\u00e3o e a sonega\u00e7\u00e3o de impostos (<a href=\"http:\/\/www.fonacate.org.br\/v2\/?go=galeria&amp;par=videos&amp;id=63\"><strong>clique aqui e confira<\/strong><\/a>).<\/p>\n<p>\u201cEsse governo precisa saber mais sobre o que \u00e9 privil\u00e9gio. Refis \u00e9 privil\u00e9gio. Foro privilegiado, ser condenado e n\u00e3o ser preso, dever \u00e0\u00a0 Previd\u00eancia e n\u00e3o ser cobrado. N\u00e3o vamos aceitar esses ataques aos servidores\u201d, afirmou o presidente do Fonacate, Rudinei Marques.<\/p>\n<p>A nova campanha institucional do F\u00f3rum ser\u00e1 lan\u00e7ada ter\u00e7a-feira na Globo News. O v\u00eddeo anterior tamb\u00e9m ser\u00e1 veiculado no canal.<\/p>\n<p>&nbsp;<\/p>\n","protected":false},"excerpt":{"rendered":"<p>O F\u00f3rum das Carreiras de Estado (Fonacate) com o apoio das 28 afiliadas protocola na tarde desta sexta-feira (24)\u00a0 uma a\u00e7\u00e3o na Justi\u00e7a, com o objetivo de retirar do ar a publicidade do governo federal sobre a reforma da Previd\u00eancia que diz que \u201cservidor p\u00fablico tem privil\u00e9gios\u201d. Na pr\u00f3xima semana o Fonacate lan\u00e7a uma campanha de TV para desmentir as [&hellip;]<\/p>\n","protected":false},"author":27,"featured_media":0,"comment_status":"open","ping_status":"closed","sticky":false,"template":"","format":"standard","meta":{"footnotes":""},"categories":[2719],"tags":[176,305,205,4346,82,98,260,549,955,4915,9727,58,1750,6559],"class_list":["post-7543","post","type-post","status-publish","format-standard","hentry","category-servidor","tag-acao","tag-campanha","tag-corrupcao","tag-falacias","tag-fonacate","tag-governo","tag-justica","tag-previdencia","tag-privilegios","tag-protocola","tag-reforma-da-previdencia","tag-servidores","tag-sonegacao","tag-tv"],"_links":{"self":[{"href":"https:\/\/blogs.correiobraziliense.com.br\/servidor\/wp-json\/wp\/v2\/posts\/7543","targetHints":{"allow":["GET"]}}],"collection":[{"href":"https:\/\/blogs.correiobraziliense.com.br\/servidor\/wp-json\/wp\/v2\/posts"}],"about":[{"href":"https:\/\/blogs.correiobraziliense.com.br\/servidor\/wp-json\/wp\/v2\/types\/post"}],"author":[{"embeddable":true,"href":"https:\/\/blogs.correiobraziliense.com.br\/servidor\/wp-json\/wp\/v2\/users\/27"}],"replies":[{"embeddable":true,"href":"https:\/\/blogs.correiobraziliense.com.br\/servidor\/wp-json\/wp\/v2\/comments?post=7543"}],"version-history":[{"count":1,"href":"https:\/\/blogs.correiobraziliense.com.br\/servidor\/wp-json\/wp\/v2\/posts\/7543\/revisions"}],"predecessor-version":[{"id":7544,"href":"https:\/\/blogs.correiobraziliense.com.br\/servidor\/wp-json\/wp\/v2\/posts\/7543\/revisions\/7544"}],"wp:attachment":[{"href":"https:\/\/blogs.correiobraziliense.com.br\/servidor\/wp-json\/wp\/v2\/media?parent=7543"}],"wp:term":[{"taxonomy":"category","embeddable":true,"href":"https:\/\/blogs.correiobraziliense.com.br\/servidor\/wp-json\/wp\/v2\/categories?post=7543"},{"taxonomy":"post_tag","embeddable":true,"href":"https:\/\/blogs.correiobraziliense.com.br\/servidor\/wp-json\/wp\/v2\/tags?post=7543"}],"curies":[{"name":"wp","href":"https:\/\/api.w.org\/{rel}","templated":true}]}}