{"id":7541,"date":"2017-11-24T17:28:06","date_gmt":"2017-11-24T19:28:06","guid":{"rendered":"https:\/\/blogs.correiobraziliense.com.br\/servidor\/?p=7541"},"modified":"2017-11-24T17:28:06","modified_gmt":"2017-11-24T19:28:06","slug":"deltan-dallagnol-falara-sobre-o-impacto-da-corrupcao-em-congresso-de-auditoria-interna","status":"publish","type":"post","link":"https:\/\/blogs.correiobraziliense.com.br\/servidor\/deltan-dallagnol-falara-sobre-o-impacto-da-corrupcao-em-congresso-de-auditoria-interna\/","title":{"rendered":"Deltan Dallagnol falar\u00e1 sobre o impacto da corrup\u00e7\u00e3o em Congresso de Auditoria Interna"},"content":{"rendered":"<p><em>Coordenador da for\u00e7a-tarefa da Lava Jato, far\u00e1 uma apresenta\u00e7\u00e3o para centenas de auditores, durante o maior evento da carreira j\u00e1 realizado no pa\u00eds. O procurador da Rep\u00fablica, S\u00e9rgio Pinel, tamb\u00e9m participar\u00e1 do congresso para alertar sobre a import\u00e2ncia da colabora\u00e7\u00e3o premiada<\/em><\/p>\n<p>Mostrar n\u00fameros e conquistas sobre o combate \u00e0 corrup\u00e7\u00e3o corporativa para p\u00fablico de centenas de auditores internos. Est\u00e1 ser\u00e1 a t\u00f4nica da apresenta\u00e7\u00e3o de Deltan Dallagnol &#8211; coordenador da for\u00e7a-tarefa da Lava Jato &#8211; na manha do pr\u00f3ximo dia <span id=\"OBJ_PREFIX_DWT829_com_zimbra_date\" class=\"Object\"><span id=\"OBJ_PREFIX_DWT850_com_zimbra_date\" class=\"Object\">28 de novembro<\/span><\/span>, durante a 38<sup>a<\/sup> edi\u00e7\u00e3o do Congresso Brasileiro de Auditoria Interna (Conbrai).<\/p>\n<p>Um dos mais engajados procuradores do Minist\u00e9rio P\u00fablico Federal, Deltan Dallagnol, far\u00e1 um alerta para que auditores de todo o pa\u00eds intensifiquem o comprometimento com a \u00e9tica e com o fortalecimento das estruturas de governan\u00e7a corporativa, tanto privadas como p\u00fablicas. Ap\u00f3s sua apresenta\u00e7\u00e3o ele conversar\u00e1 com a imprensa sobre quest\u00f5es factuais.<\/p>\n<p>Deltan volta ao Rio, ap\u00f3s <span id=\"OBJ_PREFIX_DWT830_com_zimbra_date\" class=\"Object\"><span id=\"OBJ_PREFIX_DWT851_com_zimbra_date\" class=\"Object\">ter<\/span><\/span> feito duras cr\u00edticas ao epis\u00f3dio articulado pela Assembleia Legislativa do Rio Janeiro ( Alerj),\u00a0 ao derrubar as pris\u00f5es do presidente da casa, Jorge Picciani e dos deputados estaduais Paulo Melo e Edson Albertassi. \u201cO que vimos ali foi uma amostra do que pode acontecer em Bras\u00edlia e com a Lava Jato se em 2018 n\u00e3o virarmos o jogo contra a corrup\u00e7\u00e3o\u201d, disse na ocasi\u00e3o.<\/p>\n<p>De acordo com Braselino Assun\u00e7\u00e3o, diretor geral do\u00a0Instituto dos Auditores Internos do Brasil (IIA Brasil), entidade promotora do Conbrai, a participa\u00e7\u00e3o do procurador do Minist\u00e9rio P\u00fablico Federal exalta o fortalecimento da rela\u00e7\u00e3o entre o Instituto e trabalho de combate \u00e0 corrup\u00e7\u00e3o liderado pelo \u00f3rg\u00e3o. \u201cT\u00ea-lo em nosso congresso \u00e9 a ratifica\u00e7\u00e3o de um sentimento de admira\u00e7\u00e3o que a imensa maioria dos auditores internos possuem, diante das a\u00e7\u00f5es corajosas das equipes do Minist\u00e9rio P\u00fablico Federal\u201d, revela.<\/p>\n<p><strong>Colaborar \u00e9 preciso<\/strong><\/p>\n<p>Essa ser\u00e1 a mensagem de S\u00e9rgio Pinel, procurador da Rep\u00fablica, que falar\u00e1 no congresso durante a manh\u00e3 do primeiro dia de palestras, na <span id=\"OBJ_PREFIX_DWT831_com_zimbra_date\" class=\"Object\"><span id=\"OBJ_PREFIX_DWT852_com_zimbra_date\" class=\"Object\">segunda<\/span><\/span>-feira (27). Em sua apresenta\u00e7\u00e3o \u201cA import\u00e2ncia do instituto da colabora\u00e7\u00e3o premiada e os riscos de modifica\u00e7\u00e3o no seu regulamento\u201d, Pinel tra\u00e7ar\u00e1 um panorama sobre a relev\u00e2ncia da lei que permite benef\u00edcios a quem colabora com as investiga\u00e7\u00f5es e sobre as amea\u00e7as de altera\u00e7\u00f5es propostas por alguns setores.<\/p>\n<p>Considerado um dos mais engajados procuradores do Rio<span id=\"OBJ_PREFIX_DWT832_com_zimbra_date\" class=\"Object\"> de Janeiro<\/span>, na luta pela redu\u00e7\u00e3o da corrup\u00e7\u00e3o no Estado, Pinel foi quem pediu ao juiz Marcelo Bretas, da 7<sup>a <\/sup>Vara Federal Criminal, a transfer\u00eancia do ex-governador S\u00e9rgio Cabral para um pres\u00eddio federal, por acreditar que o pol\u00edtico havia obtido na pris\u00e3o, informa\u00e7\u00f5es a respeito da vida da fam\u00edlia do magistrado. Durante sua apresenta\u00e7\u00e3o ele comentar\u00e1 o caso com os auditores presentes.<\/p>\n<p>O Conbrai do Rio<span id=\"OBJ_PREFIX_DWT833_com_zimbra_date\" class=\"Object\"> de Janeiro<\/span>, entra para a hist\u00f3ria como o maior evento j\u00e1 realizado da carreira no pa\u00eds, com a participa\u00e7\u00e3o de mais de 800 profissionais, durante os tr\u00eas dias de palestras. Ser\u00e3o mais de 30 pain\u00e9is, envolvendo temas como Lava Jato, Lei Anticorrup\u00e7\u00e3o, compliance, auditoria governamental, preven\u00e7\u00e3o a fraudes e auditoria de TI.<\/p>\n<p><strong>Conbrai<\/strong> \u2013 38<sup>\u00ba<\/sup> Congresso Brasileiro de Auditoria Interna<\/p>\n<p><strong>Quando:<\/strong> 26 a <span id=\"OBJ_PREFIX_DWT834_com_zimbra_date\" class=\"Object\"><span id=\"OBJ_PREFIX_DWT853_com_zimbra_date\" class=\"Object\">29 de novembro<\/span><\/span><\/p>\n<p><strong>Local<\/strong>: Riocentro &#8211; Av. Salvador Allende, 6555\u00a0\u2013 Barra da Tijuca, Rio<span id=\"OBJ_PREFIX_DWT835_com_zimbra_date\" class=\"Object\"> de Janeiro<\/span>\/RJ<\/p>\n<p><strong>Inscri\u00e7\u00f5es e informa\u00e7\u00f5es: <\/strong><span id=\"OBJ_PREFIX_DWT836_ZmEmailObjectHandler\" class=\"Object\"><span id=\"OBJ_PREFIX_DWT854_ZmEmailObjectHandler\" class=\"Object\">eventos@iiabrasil.org.br<\/span><\/span> \u2013 Tel.: <span id=\"OBJ_PREFIX_DWT837_com_zimbra_phone\" class=\"Object\"><a href=\"(11) 5095-4045\">(11) 5095-4045<\/a><\/span> &#8211; conbrai.com.br<\/p>\n<p><strong>Sobre o IIA Brasil<\/strong><\/p>\n<p>O Instituto dos Auditores Internos do Brasil completou 57 anos de funda\u00e7\u00e3o sendo uma das cinco maiores entidades da carreira do planeta, entre os 190 pa\u00edses afiliados ao <em>The Institute of Internal Auditors<\/em> \u2013 IIA Global, a mais importante associa\u00e7\u00e3o do setor no mundo. Refer\u00eancia na Am\u00e9rica Latina, o IIA Brasil auxilia na forma\u00e7\u00e3o de outros Institutos como o IIA de Angola. No Brasil, a entidade coordena todo o processo de obten\u00e7\u00e3o de certifica\u00e7\u00f5es internacionais, como o CIA (<em>Certified Internal Auditor<\/em>), al\u00e9m de promover debates, cursos t\u00e9cnicos, semin\u00e1rios e o Conbrai \u2013 Congresso Brasileiro de Auditoria Interna.<\/p>\n","protected":false},"excerpt":{"rendered":"<p>Coordenador da for\u00e7a-tarefa da Lava Jato, far\u00e1 uma apresenta\u00e7\u00e3o para centenas de auditores, durante o maior evento da carreira j\u00e1 realizado no pa\u00eds. O procurador da Rep\u00fablica, S\u00e9rgio Pinel, tamb\u00e9m participar\u00e1 do congresso para alertar sobre a import\u00e2ncia da colabora\u00e7\u00e3o premiada Mostrar n\u00fameros e conquistas sobre o combate \u00e0 corrup\u00e7\u00e3o corporativa para p\u00fablico de centenas de auditores internos. Est\u00e1 ser\u00e1 [&hellip;]<\/p>\n","protected":false},"author":27,"featured_media":0,"comment_status":"open","ping_status":"closed","sticky":false,"template":"","format":"standard","meta":{"footnotes":""},"categories":[2719],"tags":[9981,5636,1321,2553,188,2322,5990,3660,9979,3039,205,9978,1298,1756,1011,9980,833,1456,283,2075,1838,453,3779,3596,6033,1295,147,4857,3518],"class_list":["post-7541","post","type-post","status-publish","format-standard","hentry","category-servidor","tag-aauditores","tag-alerj","tag-alteracoes","tag-ameacas","tag-carreira","tag-colaboracao-premiada","tag-compliance","tag-conbrai","tag-congresso-brsileiro-de-auditoria-interna","tag-corporativa","tag-corrupcao","tag-deltan-dallagnol","tag-deputados","tag-etica","tag-fraudes","tag-iaa-brasil","tag-impacto","tag-investigacoes","tag-lava-jato","tag-magistrado","tag-ministerio-publico-federal","tag-mpf","tag-palestras","tag-prevencao","tag-prisoes","tag-privada","tag-publica","tag-regulamento","tag-ti"],"_links":{"self":[{"href":"https:\/\/blogs.correiobraziliense.com.br\/servidor\/wp-json\/wp\/v2\/posts\/7541","targetHints":{"allow":["GET"]}}],"collection":[{"href":"https:\/\/blogs.correiobraziliense.com.br\/servidor\/wp-json\/wp\/v2\/posts"}],"about":[{"href":"https:\/\/blogs.correiobraziliense.com.br\/servidor\/wp-json\/wp\/v2\/types\/post"}],"author":[{"embeddable":true,"href":"https:\/\/blogs.correiobraziliense.com.br\/servidor\/wp-json\/wp\/v2\/users\/27"}],"replies":[{"embeddable":true,"href":"https:\/\/blogs.correiobraziliense.com.br\/servidor\/wp-json\/wp\/v2\/comments?post=7541"}],"version-history":[{"count":1,"href":"https:\/\/blogs.correiobraziliense.com.br\/servidor\/wp-json\/wp\/v2\/posts\/7541\/revisions"}],"predecessor-version":[{"id":7542,"href":"https:\/\/blogs.correiobraziliense.com.br\/servidor\/wp-json\/wp\/v2\/posts\/7541\/revisions\/7542"}],"wp:attachment":[{"href":"https:\/\/blogs.correiobraziliense.com.br\/servidor\/wp-json\/wp\/v2\/media?parent=7541"}],"wp:term":[{"taxonomy":"category","embeddable":true,"href":"https:\/\/blogs.correiobraziliense.com.br\/servidor\/wp-json\/wp\/v2\/categories?post=7541"},{"taxonomy":"post_tag","embeddable":true,"href":"https:\/\/blogs.correiobraziliense.com.br\/servidor\/wp-json\/wp\/v2\/tags?post=7541"}],"curies":[{"name":"wp","href":"https:\/\/api.w.org\/{rel}","templated":true}]}}