{"id":7535,"date":"2017-11-24T12:52:24","date_gmt":"2017-11-24T14:52:24","guid":{"rendered":"https:\/\/blogs.correiobraziliense.com.br\/servidor\/?p=7535"},"modified":"2017-11-24T12:52:24","modified_gmt":"2017-11-24T14:52:24","slug":"nova-revisao-pode-substituir-desaposentacao-mas-requer-cautela","status":"publish","type":"post","link":"https:\/\/blogs.correiobraziliense.com.br\/servidor\/nova-revisao-pode-substituir-desaposentacao-mas-requer-cautela\/","title":{"rendered":"Nova revis\u00e3o pode substituir desaposenta\u00e7\u00e3o, mas requer cautela"},"content":{"rendered":"<p><i>Reaposenta\u00e7\u00e3o requer o cancelamento da aposentadoria atual<\/i><\/p>\n<div>\n<p>Quem j\u00e1 est\u00e1 aposentado, mas voltou a trabalhar e pretende abdicar do provento concedido pelo INSS em troca de um novo beneficio tem esta possibilidade com uma nova revis\u00e3o previdenci\u00e1ria. Com ela \u00e9 poss\u00edvel refazer o processo de aposentadoria onde o benefici\u00e1rio abre m\u00e3o das contribui\u00e7\u00f5es vertidas ate a sua inativa\u00e7\u00e3o.<\/p>\n<p>Trata-se da reaposenta\u00e7\u00e3o, nome dado ao novo processo de revis\u00e3o dos aposentados que continuam contribuindo com a Previd\u00eancia em car\u00e1<span id=\"OBJ_PREFIX_DWT2122_com_zimbra_date\" class=\"Object\"><span id=\"OBJ_PREFIX_DWT2128_com_zimbra_date\" class=\"Object\">ter<\/span><\/span> obrigat\u00f3rio. Diferente do processo de desaposentadoria, onde o benefici\u00e1rio renuncia a inativa\u00e7\u00e3o atual em favor de uma mais vantajosa a ele, nesta modalidade ser\u00e1 processado o cancelamento do direito, anulando assim os requisitos que deram origem a primeira aposenta\u00e7\u00e3o.<\/p>\n<p>De acordo com a advogada Carla Oliveira, especialista em Direito Previdenci\u00e1rio, advogada e consultora jur\u00eddica da Associa\u00e7\u00e3o Brasileira de Apoio aos Aposentados, Pensionistas e Servidores P\u00fablicos (ASBP), n\u00e3o s\u00e3o todos os benefici\u00e1rios que t\u00eam direito \u00e0 reaposenta\u00e7\u00e3o. \u201cApenas tem direito \u00e0 reaposentadoria o segurado que reunir condi\u00e7\u00f5es suficientes (tempo, car\u00eancia e idade) para um novo e mais vantajoso benef\u00edcio previdenci\u00e1rio\u201d, pontuou a jurista.<\/p>\n<p><strong>Judicializa\u00e7\u00e3o da pol\u00edtica<\/strong><\/p>\n<p>Para a advogada Carla Oliveira, da ASBP, existe o fato de que o alarde feito pelo governo federal sobre o rombo do sistema afeta toda revis\u00e3o previdenci\u00e1ria. \u201cEste \u00e9 o fen\u00f4meno jur\u00eddico conhecido como judicializa\u00e7\u00e3o da pol\u00edtica, onde o Judici\u00e1rio vai decidir quest\u00f5es pol\u00edticas, ou seja, na seara previdenci\u00e1ria pode decidir a favor do INSS, por entender que a autarquia n\u00e3o tem meios econ\u00f4micos para arcar com as condena\u00e7\u00f5es (reajuste e atrasados)\u201d, comentou a especialista em direito previdenci\u00e1rio.<\/p>\n<p>Contudo, advogada ainda refor\u00e7a que \u00e9 preciso <span id=\"OBJ_PREFIX_DWT2123_com_zimbra_date\" class=\"Object\"><span id=\"OBJ_PREFIX_DWT2129_com_zimbra_date\" class=\"Object\">ter<\/span><\/span> muita cautela antes de iniciar a a\u00e7\u00e3o de reaposenta\u00e7\u00e3o e o inativo que ingressou com a desaposenta\u00e7\u00e3o deve procurar seu advogado para conhecer esse novo tipo de revis\u00e3o. Enquanto na desaposenta\u00e7\u00e3o existia a ren\u00fancia apenas da aposentadoria atual, no processo de reaposenta\u00e7\u00e3o \u00e9 necess\u00e1ria a abdica\u00e7\u00e3o do tempo de servi\u00e7o, bem como dos sal\u00e1rios de contribui\u00e7\u00f5es, pois os requisitos para o novo benef\u00edcio ser\u00e3o obtidos apenas com as novas colabora\u00e7\u00f5es. \u201cNesta modalidade de revis\u00e3o \u00e9 indispens\u00e1vel o c\u00e1lculo pr\u00e9vio para apurar se ser\u00e1 vantajosa a troca de aposentadoria\u201d, adverte a advoga Carla Oliveira.<\/p>\n<\/div>\n","protected":false},"excerpt":{"rendered":"<p>Reaposenta\u00e7\u00e3o requer o cancelamento da aposentadoria atual Quem j\u00e1 est\u00e1 aposentado, mas voltou a trabalhar e pretende abdicar do provento concedido pelo INSS em troca de um novo beneficio tem esta possibilidade com uma nova revis\u00e3o previdenci\u00e1ria. Com ela \u00e9 poss\u00edvel refazer o processo de aposentadoria onde o benefici\u00e1rio abre m\u00e3o das contribui\u00e7\u00f5es vertidas ate a sua inativa\u00e7\u00e3o. Trata-se da [&hellip;]<\/p>\n","protected":false},"author":27,"featured_media":0,"comment_status":"open","ping_status":"closed","sticky":false,"template":"","format":"standard","meta":{"footnotes":""},"categories":[2719],"tags":[9971,4291,6,2656,6871,3782,4608,271,3099,9974,2488,1860,2054,9972,11,1999,8048,8154,549,1157,9072,690,9970,2135,2019,9973],"class_list":["post-7535","post","type-post","status-publish","format-standard","hentry","category-servidor","tag-abdicar","tag-advogado","tag-aposentadoria","tag-asbp","tag-atrasados","tag-beneficiario","tag-cancelamento","tag-carencia","tag-cautela","tag-condenacoes","tag-contribuicoes","tag-desaposentacao","tag-idade","tag-inativacao","tag-inss","tag-judicializacao","tag-jurista","tag-modalidade","tag-previdencia","tag-processo","tag-provento","tag-reajustes","tag-reaposentacao","tag-revisao","tag-tempo","tag-vantajosa"],"_links":{"self":[{"href":"https:\/\/blogs.correiobraziliense.com.br\/servidor\/wp-json\/wp\/v2\/posts\/7535","targetHints":{"allow":["GET"]}}],"collection":[{"href":"https:\/\/blogs.correiobraziliense.com.br\/servidor\/wp-json\/wp\/v2\/posts"}],"about":[{"href":"https:\/\/blogs.correiobraziliense.com.br\/servidor\/wp-json\/wp\/v2\/types\/post"}],"author":[{"embeddable":true,"href":"https:\/\/blogs.correiobraziliense.com.br\/servidor\/wp-json\/wp\/v2\/users\/27"}],"replies":[{"embeddable":true,"href":"https:\/\/blogs.correiobraziliense.com.br\/servidor\/wp-json\/wp\/v2\/comments?post=7535"}],"version-history":[{"count":1,"href":"https:\/\/blogs.correiobraziliense.com.br\/servidor\/wp-json\/wp\/v2\/posts\/7535\/revisions"}],"predecessor-version":[{"id":7536,"href":"https:\/\/blogs.correiobraziliense.com.br\/servidor\/wp-json\/wp\/v2\/posts\/7535\/revisions\/7536"}],"wp:attachment":[{"href":"https:\/\/blogs.correiobraziliense.com.br\/servidor\/wp-json\/wp\/v2\/media?parent=7535"}],"wp:term":[{"taxonomy":"category","embeddable":true,"href":"https:\/\/blogs.correiobraziliense.com.br\/servidor\/wp-json\/wp\/v2\/categories?post=7535"},{"taxonomy":"post_tag","embeddable":true,"href":"https:\/\/blogs.correiobraziliense.com.br\/servidor\/wp-json\/wp\/v2\/tags?post=7535"}],"curies":[{"name":"wp","href":"https:\/\/api.w.org\/{rel}","templated":true}]}}