{"id":7523,"date":"2017-11-23T17:46:08","date_gmt":"2017-11-23T19:46:08","guid":{"rendered":"https:\/\/blogs.correiobraziliense.com.br\/servidor\/?p=7523"},"modified":"2017-11-23T17:46:08","modified_gmt":"2017-11-23T19:46:08","slug":"centrais-se-reorganizam-para-enfrentar-nova-versao-da-reforma-da-previdencia","status":"publish","type":"post","link":"https:\/\/blogs.correiobraziliense.com.br\/servidor\/centrais-se-reorganizam-para-enfrentar-nova-versao-da-reforma-da-previdencia\/","title":{"rendered":"Centrais se reorganizam para enfrentar nova vers\u00e3o da reforma da Previd\u00eancia"},"content":{"rendered":"<p><em>A CSB e as demais centrais sindicais se re\u00fanem amanh\u00e3 de manh\u00e3 para definir as estrat\u00e9gias de comunica\u00e7\u00e3o, de mobiliza\u00e7\u00e3o social e no campo parlamentar para barrar a PEC 287 no Congresso Nacional.<\/em><\/p>\n<p>&#8220;Da mesma forma como ocorreu na primeira vers\u00e3o da reforma patrocinada pelo governo, o movimento sindical entende que a comunica\u00e7\u00e3o bem feita \u00e9 crucial para vacinar a opini\u00e3o p\u00fablica das distor\u00e7\u00f5es e inverdades disseminadas pelo Executivo na m\u00eddia e nas redes sociais&#8221;, informou, por meio de nota, a CSB.<\/p>\n<p>A CSB antecipa que a campanha das centrais vai fazer um trabalho agressivo para desqualificar a reforma da Previd\u00eancia e mostrar os mecanismos do governo para destruir a previd\u00eancia p\u00fablica, as contas p\u00fablicas como forma de justificar a urg\u00eancia da reforma.<\/p>\n<p>&#8220;Na campanha, pretende-se n\u00e3o apenas abrir os olhos das pessoas como denunciar os atos criminosos do governo de transfer\u00eancia de recursos do Tesouro para a iniciativa privada e de privar os cofres p\u00fablicos de receita tribut\u00e1ria, fundamental para custear a m\u00e1quina p\u00fablica, as pol\u00edticas p\u00fablicas e a presta\u00e7\u00e3o de servi\u00e7o p\u00fablico&#8221;, destacou.<\/p>\n","protected":false},"excerpt":{"rendered":"<p>A CSB e as demais centrais sindicais se re\u00fanem amanh\u00e3 de manh\u00e3 para definir as estrat\u00e9gias de comunica\u00e7\u00e3o, de mobiliza\u00e7\u00e3o social e no campo parlamentar para barrar a PEC 287 no Congresso Nacional. &#8220;Da mesma forma como ocorreu na primeira vers\u00e3o da reforma patrocinada pelo governo, o movimento sindical entende que a comunica\u00e7\u00e3o bem feita \u00e9 crucial para vacinar a [&hellip;]<\/p>\n","protected":false},"author":27,"featured_media":0,"comment_status":"open","ping_status":"closed","sticky":false,"template":"","format":"standard","meta":{"footnotes":""},"categories":[2719],"tags":[3837,1259,559,693,2278,9948,2977,2233,1688,9,98,481,829,4813,1083,9727,9947,2103,1960,5946],"class_list":["post-7523","post","type-post","status-publish","format-standard","hentry","category-servidor","tag-barrar","tag-centrais","tag-comunicacao","tag-congresso-nacional","tag-contas","tag-desqualificar","tag-distorcoes","tag-enfrentar","tag-estrategias","tag-executivo","tag-governo","tag-mobilizacao","tag-parlamentar","tag-pec-287","tag-redes-sociais","tag-reforma-da-previdencia","tag-reorganizam","tag-social","tag-urgencia","tag-versao"],"_links":{"self":[{"href":"https:\/\/blogs.correiobraziliense.com.br\/servidor\/wp-json\/wp\/v2\/posts\/7523","targetHints":{"allow":["GET"]}}],"collection":[{"href":"https:\/\/blogs.correiobraziliense.com.br\/servidor\/wp-json\/wp\/v2\/posts"}],"about":[{"href":"https:\/\/blogs.correiobraziliense.com.br\/servidor\/wp-json\/wp\/v2\/types\/post"}],"author":[{"embeddable":true,"href":"https:\/\/blogs.correiobraziliense.com.br\/servidor\/wp-json\/wp\/v2\/users\/27"}],"replies":[{"embeddable":true,"href":"https:\/\/blogs.correiobraziliense.com.br\/servidor\/wp-json\/wp\/v2\/comments?post=7523"}],"version-history":[{"count":1,"href":"https:\/\/blogs.correiobraziliense.com.br\/servidor\/wp-json\/wp\/v2\/posts\/7523\/revisions"}],"predecessor-version":[{"id":7524,"href":"https:\/\/blogs.correiobraziliense.com.br\/servidor\/wp-json\/wp\/v2\/posts\/7523\/revisions\/7524"}],"wp:attachment":[{"href":"https:\/\/blogs.correiobraziliense.com.br\/servidor\/wp-json\/wp\/v2\/media?parent=7523"}],"wp:term":[{"taxonomy":"category","embeddable":true,"href":"https:\/\/blogs.correiobraziliense.com.br\/servidor\/wp-json\/wp\/v2\/categories?post=7523"},{"taxonomy":"post_tag","embeddable":true,"href":"https:\/\/blogs.correiobraziliense.com.br\/servidor\/wp-json\/wp\/v2\/tags?post=7523"}],"curies":[{"name":"wp","href":"https:\/\/api.w.org\/{rel}","templated":true}]}}