{"id":7517,"date":"2017-11-23T15:38:39","date_gmt":"2017-11-23T17:38:39","guid":{"rendered":"https:\/\/blogs.correiobraziliense.com.br\/servidor\/?p=7517"},"modified":"2017-11-23T15:38:39","modified_gmt":"2017-11-23T17:38:39","slug":"novo-texto-de-reforma-da-previdencia-e-um-black-friday-sobre-direitos-afirma-forca-sindical","status":"publish","type":"post","link":"https:\/\/blogs.correiobraziliense.com.br\/servidor\/novo-texto-de-reforma-da-previdencia-e-um-black-friday-sobre-direitos-afirma-forca-sindical\/","title":{"rendered":"Novo texto de Reforma da Previd\u00eancia \u00e9 um &#8220;Black Friday&#8221; sobre direitos, afirma For\u00e7a Sindical"},"content":{"rendered":"<p><em> Representantes das seis centrais sindicais v\u00e3o se reunir amanh\u00e3, dia <span id=\"OBJ_PREFIX_DWT756_com_zimbra_date\" class=\"Object\">24 de novembro<\/span>, \u00e0s 10 horas, na sede da For\u00e7a Sindical, em S\u00e3o Paulo, para debater estrat\u00e9gias de manifesta\u00e7\u00f5es e atos, al\u00e9m de uma paralisa\u00e7\u00e3o em n\u00edvel nacional.<\/em><\/p>\n<p>&#8220;Entendemos que qualquer mudan\u00e7a na Previd\u00eancia deva ser amplamente discutida com a sociedade e com os representantes dos trabalhadores, de forma democr\u00e1tica e transparente. \u00c9 estranho e temer\u00e1rio tentar fazer uma reforma \u00e0s pressas e na calada da noite&#8221;, afirma a nota da For\u00e7a.<\/p>\n<p>Veja a nota:<\/p>\n<p>&#8220;A nova proposta de reforma da Previd\u00eancia Social \u00e9 apenas uma maquiagem, uma tentativa de esconder as redu\u00e7\u00f5es de direitos e de dificultar a ades\u00e3o \u00e0 aposentadoria. O novo texto tem apenas mudan\u00e7as cosm\u00e9ticas, revelando uma maneira de dificultar o acesso \u00e0s aposentadorias e prejudicar quem est\u00e1 no mercado de trabalho.<\/p>\n<p>Vale ressaltar que a chamada \u201cNova Proposta\u201d \u00e9 nefasta, pois prejudica os trabalhadores.\u00a0 O novo texto \u00e9 um verdadeiro \u201cBlack Friday\u201d sobre os direitos dos trabalhadores.<\/p>\n<p>Diante disto, representantes das seis centrais sindicais v\u00e3o se reunir amanh\u00e3, dia <span id=\"OBJ_PREFIX_DWT756_com_zimbra_date\" class=\"Object\">24 de novembro<\/span>, \u00e0s 10 horas, na sede da For\u00e7a Sindical, em S\u00e3o Paulo, para debater estrat\u00e9gias de manifesta\u00e7\u00f5es e atos, al\u00e9m de uma paralisa\u00e7\u00e3o em n\u00edvel nacional.<\/p>\n<p>Entendemos que qualquer mudan\u00e7a na Previd\u00eancia deva ser amplamente discutida com a sociedade e com os representantes dos trabalhadores, de forma democr\u00e1tica e transparente. \u00c9 estranho e temer\u00e1rio tentar fazer uma reforma \u00e0s pressas e na calada da noite.<\/p>\n<p>A Previd\u00eancia Social \u00e9 um patrim\u00f4nio do trabalhador e do cidad\u00e3o brasileiro. Qualquer altera\u00e7\u00e3o precisa <span id=\"OBJ_PREFIX_DWT757_com_zimbra_date\" class=\"Object\">ter<\/span> como princ\u00edpio que os aposentados recebam benef\u00edcios com valores suficientes para <span id=\"OBJ_PREFIX_DWT758_com_zimbra_date\" class=\"Object\">ter<\/span> uma vida saud\u00e1vel e digna. Vamos resistir a mais este ataque a direitos e conquistas que, a duras penas, foram acumulados ao longo da hist\u00f3ria de lutas da classe trabalhadora brasileira.<\/p>\n<p>N\u00e3o podemos deixar de destacar que valorizar as aposentadorias \u00e9 uma forma sensata e justa de distribui\u00e7\u00e3o de renda.<\/p>\n<p><i><b>Paulo Pereira da Silva (Paulinho da For\u00e7a)<br \/>\nPresidente da For\u00e7a Sindical&#8221;<\/b><\/i><\/p>\n","protected":false},"excerpt":{"rendered":"<p>Representantes das seis centrais sindicais v\u00e3o se reunir amanh\u00e3, dia 24 de novembro, \u00e0s 10 horas, na sede da For\u00e7a Sindical, em S\u00e3o Paulo, para debater estrat\u00e9gias de manifesta\u00e7\u00f5es e atos, al\u00e9m de uma paralisa\u00e7\u00e3o em n\u00edvel nacional. &#8220;Entendemos que qualquer mudan\u00e7a na Previd\u00eancia deva ser amplamente discutida com a sociedade e com os representantes dos trabalhadores, de forma democr\u00e1tica [&hellip;]<\/p>\n","protected":false},"author":27,"featured_media":0,"comment_status":"open","ping_status":"closed","sticky":false,"template":"","format":"standard","meta":{"footnotes":""},"categories":[2719],"tags":[651,9932,9933,1259,1576,619,1688,870,1734,70,9934,506,9727,1765,1322,913],"class_list":["post-7517","post","type-post","status-publish","format-standard","hentry","category-servidor","tag-atos","tag-black-friday","tag-calada","tag-centrais","tag-democratica","tag-direitos","tag-estrategias","tag-forca-sindical","tag-manifestacoes","tag-nacional","tag-noite","tag-paralisacao","tag-reforma-da-previdencia","tag-representantes","tag-texto","tag-transparente"],"_links":{"self":[{"href":"https:\/\/blogs.correiobraziliense.com.br\/servidor\/wp-json\/wp\/v2\/posts\/7517","targetHints":{"allow":["GET"]}}],"collection":[{"href":"https:\/\/blogs.correiobraziliense.com.br\/servidor\/wp-json\/wp\/v2\/posts"}],"about":[{"href":"https:\/\/blogs.correiobraziliense.com.br\/servidor\/wp-json\/wp\/v2\/types\/post"}],"author":[{"embeddable":true,"href":"https:\/\/blogs.correiobraziliense.com.br\/servidor\/wp-json\/wp\/v2\/users\/27"}],"replies":[{"embeddable":true,"href":"https:\/\/blogs.correiobraziliense.com.br\/servidor\/wp-json\/wp\/v2\/comments?post=7517"}],"version-history":[{"count":1,"href":"https:\/\/blogs.correiobraziliense.com.br\/servidor\/wp-json\/wp\/v2\/posts\/7517\/revisions"}],"predecessor-version":[{"id":7518,"href":"https:\/\/blogs.correiobraziliense.com.br\/servidor\/wp-json\/wp\/v2\/posts\/7517\/revisions\/7518"}],"wp:attachment":[{"href":"https:\/\/blogs.correiobraziliense.com.br\/servidor\/wp-json\/wp\/v2\/media?parent=7517"}],"wp:term":[{"taxonomy":"category","embeddable":true,"href":"https:\/\/blogs.correiobraziliense.com.br\/servidor\/wp-json\/wp\/v2\/categories?post=7517"},{"taxonomy":"post_tag","embeddable":true,"href":"https:\/\/blogs.correiobraziliense.com.br\/servidor\/wp-json\/wp\/v2\/tags?post=7517"}],"curies":[{"name":"wp","href":"https:\/\/api.w.org\/{rel}","templated":true}]}}