{"id":7509,"date":"2017-11-22T18:10:54","date_gmt":"2017-11-22T20:10:54","guid":{"rendered":"https:\/\/blogs.correiobraziliense.com.br\/servidor\/?p=7509"},"modified":"2017-11-22T18:49:18","modified_gmt":"2017-11-22T20:49:18","slug":"trt-manda-banco-do-brasil-manter-6-mil-funcionarios-nomeados-sem-concurso","status":"publish","type":"post","link":"https:\/\/blogs.correiobraziliense.com.br\/servidor\/trt-manda-banco-do-brasil-manter-6-mil-funcionarios-nomeados-sem-concurso\/","title":{"rendered":"TRT manda Banco do Brasil manter 6 mil funcion\u00e1rios nomeados sem concurso espec\u00edfico de n\u00edvel superior"},"content":{"rendered":"<p><em>O Tribunal Regional do Trabalho do Trabalho da 10\u00aa Regi\u00e3o (TRT 10) decidiu, nesta quarta-feira (22), que os mais de 6 mil escritur\u00e1rios do Banco do Brasil nomeados, sem concurso, em cargos de n\u00edvel superior devem ser mantidos no cargo<\/em><\/p>\n<p>A Corte, no entanto, deu o prazo de dois anos para que as novas ocupa\u00e7\u00f5es sejam preenchidas por concurso p\u00fablico espec\u00edfico para cada carreira. Isso porque, tradicionalmente, o BB tem a pr\u00e1tica de abrir vagas especialmente para escritur\u00e1rio. Os aprovados v\u00e3o ascendendo, por meio de sele\u00e7\u00e3o interna ou cargo de confian\u00e7a. Essa pr\u00e1tica est\u00e1 proibida daqui em diante.<\/p>\n<p>O Minist\u00e9rio P\u00fablico do Trabalho (MPT) ajuizou a\u00e7\u00e3o alegando a inconstitucionalidade das nomea\u00e7\u00f5es de escritur\u00e1rios para cargos de n\u00edvel superior sem que fosse feito concurso p\u00fablico e exigia que os funcion\u00e1rios que ocupassem esses cargos fossem destitu\u00eddos e um novo certame acontecesse.<\/p>\n<p>O advogado Ronaldo Tolentino, do escrit\u00f3rio Ferraz dos Passos, que representou o Conselho Federal da OAB, acredita que a decis\u00e3o do TRT foi importante no ponto de vista da manuten\u00e7\u00e3o ordem e seguran\u00e7a jur\u00eddicas.<\/p>\n<p>\u201cA decis\u00e3o prestigiou o ordenamento jur\u00eddico constitucional que exige a realiza\u00e7\u00e3o do concurso p\u00fablico para o preenchimento de cargos, mas de igual forma preservou as situa\u00e7\u00f5es f\u00e1ticas j\u00e1 consolidadas, resguardando a seguran\u00e7a jur\u00eddica dos atuais empregados, do pr\u00f3prio Banco do Brasil e da sociedade brasileira como um tudo\u201d, explicou o advogado.<\/p>\n<p>Antes dessa decis\u00e3o, a tese do MPT havia vencido em primeira inst\u00e2ncia.<\/p>\n<p>O TRT reconheceu a ilegalidade dos atos de nomea\u00e7\u00e3o, mas em homenagem \u00e0 seguran\u00e7a jur\u00eddica, \u00e0 continuidade das atividades do Banco e aos fatos jur\u00eddicos j\u00e1 consumados, modulou os efeitos de sua decis\u00e3o.<\/p>\n","protected":false},"excerpt":{"rendered":"<p>O Tribunal Regional do Trabalho do Trabalho da 10\u00aa Regi\u00e3o (TRT 10) decidiu, nesta quarta-feira (22), que os mais de 6 mil escritur\u00e1rios do Banco do Brasil nomeados, sem concurso, em cargos de n\u00edvel superior devem ser mantidos no cargo A Corte, no entanto, deu o prazo de dois anos para que as novas ocupa\u00e7\u00f5es sejam preenchidas por concurso p\u00fablico [&hellip;]<\/p>\n","protected":false},"author":27,"featured_media":0,"comment_status":"open","ping_status":"closed","sticky":false,"template":"","format":"standard","meta":{"footnotes":""},"categories":[2719],"tags":[1773,300,93,1341,573,9921,309,2761,378,9481,1355,5347],"class_list":["post-7509","post","type-post","status-publish","format-standard","hentry","category-servidor","tag-banco-do-brasil","tag-cargo","tag-concurso","tag-funcionarios","tag-inconstitucionalidade","tag-mantidos","tag-nivel-superior","tag-nomeados","tag-oab","tag-ocupacoes","tag-trt","tag-trt10"],"_links":{"self":[{"href":"https:\/\/blogs.correiobraziliense.com.br\/servidor\/wp-json\/wp\/v2\/posts\/7509","targetHints":{"allow":["GET"]}}],"collection":[{"href":"https:\/\/blogs.correiobraziliense.com.br\/servidor\/wp-json\/wp\/v2\/posts"}],"about":[{"href":"https:\/\/blogs.correiobraziliense.com.br\/servidor\/wp-json\/wp\/v2\/types\/post"}],"author":[{"embeddable":true,"href":"https:\/\/blogs.correiobraziliense.com.br\/servidor\/wp-json\/wp\/v2\/users\/27"}],"replies":[{"embeddable":true,"href":"https:\/\/blogs.correiobraziliense.com.br\/servidor\/wp-json\/wp\/v2\/comments?post=7509"}],"version-history":[{"count":3,"href":"https:\/\/blogs.correiobraziliense.com.br\/servidor\/wp-json\/wp\/v2\/posts\/7509\/revisions"}],"predecessor-version":[{"id":7512,"href":"https:\/\/blogs.correiobraziliense.com.br\/servidor\/wp-json\/wp\/v2\/posts\/7509\/revisions\/7512"}],"wp:attachment":[{"href":"https:\/\/blogs.correiobraziliense.com.br\/servidor\/wp-json\/wp\/v2\/media?parent=7509"}],"wp:term":[{"taxonomy":"category","embeddable":true,"href":"https:\/\/blogs.correiobraziliense.com.br\/servidor\/wp-json\/wp\/v2\/categories?post=7509"},{"taxonomy":"post_tag","embeddable":true,"href":"https:\/\/blogs.correiobraziliense.com.br\/servidor\/wp-json\/wp\/v2\/tags?post=7509"}],"curies":[{"name":"wp","href":"https:\/\/api.w.org\/{rel}","templated":true}]}}