{"id":7504,"date":"2017-11-22T15:45:08","date_gmt":"2017-11-22T17:45:08","guid":{"rendered":"https:\/\/blogs.correiobraziliense.com.br\/servidor\/?p=7504"},"modified":"2017-11-22T15:45:08","modified_gmt":"2017-11-22T17:45:08","slug":"trabalhador-que-contribuir-por-15-anos-recebera-60-do-teto-da-aposentadoria","status":"publish","type":"post","link":"https:\/\/blogs.correiobraziliense.com.br\/servidor\/trabalhador-que-contribuir-por-15-anos-recebera-60-do-teto-da-aposentadoria\/","title":{"rendered":"Trabalhador que contribuir por 15 anos receber\u00e1 60% do teto da aposentadoria"},"content":{"rendered":"<p><strong>HAMILTON FERRARI<\/strong><\/p>\n<p>O ministro da Fazenda, Henrique Meirelles, declarou, na tarde desta quarta (22\/11), que o trabalhador que contribuir para a Previd\u00eancia Social por 15 anos e atingir a idade m\u00ednima de 65 anos, para homens, e de 62 anos, para mulheres, receber\u00e1 60% do teto da aposentadoria. O valor integral ser\u00e1 pago pelo Instituto Nacional do Seguro Social (INSS) quando houver contribui\u00e7\u00e3o de 40 anos e a idade m\u00ednima.<br \/>\n\u201cEnt\u00e3o, h\u00e1 um incentivo para as pessoas, de fato, trabalhem um pouco mais, visando ter uma aposentadoria melhor\u201d, afirmou Meirelles. De acordo com o chefe da pasta, o novo texto deve ter 60% dos benef\u00edcios fiscais prometidos na proposta original, que \u00e9 um pouco abaixo de R$ 800 bilh\u00f5es.<br \/>\nForam retirados dos textos a reforma previdenci\u00e1ria para trabalhadores rurais e o benef\u00edcio de presta\u00e7\u00e3o continuada (BPC), ou seja, n\u00e3o haver\u00e1 altera\u00e7\u00e3o para estes temas.<\/p>\n","protected":false},"excerpt":{"rendered":"<p>HAMILTON FERRARI O ministro da Fazenda, Henrique Meirelles, declarou, na tarde desta quarta (22\/11), que o trabalhador que contribuir para a Previd\u00eancia Social por 15 anos e atingir a idade m\u00ednima de 65 anos, para homens, e de 62 anos, para mulheres, receber\u00e1 60% do teto da aposentadoria. O valor integral ser\u00e1 pago pelo Instituto Nacional do Seguro Social (INSS) [&hellip;]<\/p>\n","protected":false},"author":27,"featured_media":0,"comment_status":"open","ping_status":"closed","sticky":false,"template":"","format":"standard","meta":{"footnotes":""},"categories":[2719],"tags":[6,852,4276,131,302,12,3117,2246,9729,11,1036,35,1263,7835,1603,54,711,642,3088],"class_list":["post-7504","post","type-post","status-publish","format-standard","hentry","category-servidor","tag-aposentadoria","tag-beneficios","tag-bpc","tag-contribuicao","tag-fazenda","tag-fiscais","tag-henrique-meirelles","tag-homens","tag-idade-minima","tag-inss","tag-integral","tag-ministro","tag-mulheres","tag-original","tag-previdencia-social","tag-proposta","tag-reforma","tag-teto","tag-trabalhador"],"_links":{"self":[{"href":"https:\/\/blogs.correiobraziliense.com.br\/servidor\/wp-json\/wp\/v2\/posts\/7504","targetHints":{"allow":["GET"]}}],"collection":[{"href":"https:\/\/blogs.correiobraziliense.com.br\/servidor\/wp-json\/wp\/v2\/posts"}],"about":[{"href":"https:\/\/blogs.correiobraziliense.com.br\/servidor\/wp-json\/wp\/v2\/types\/post"}],"author":[{"embeddable":true,"href":"https:\/\/blogs.correiobraziliense.com.br\/servidor\/wp-json\/wp\/v2\/users\/27"}],"replies":[{"embeddable":true,"href":"https:\/\/blogs.correiobraziliense.com.br\/servidor\/wp-json\/wp\/v2\/comments?post=7504"}],"version-history":[{"count":1,"href":"https:\/\/blogs.correiobraziliense.com.br\/servidor\/wp-json\/wp\/v2\/posts\/7504\/revisions"}],"predecessor-version":[{"id":7505,"href":"https:\/\/blogs.correiobraziliense.com.br\/servidor\/wp-json\/wp\/v2\/posts\/7504\/revisions\/7505"}],"wp:attachment":[{"href":"https:\/\/blogs.correiobraziliense.com.br\/servidor\/wp-json\/wp\/v2\/media?parent=7504"}],"wp:term":[{"taxonomy":"category","embeddable":true,"href":"https:\/\/blogs.correiobraziliense.com.br\/servidor\/wp-json\/wp\/v2\/categories?post=7504"},{"taxonomy":"post_tag","embeddable":true,"href":"https:\/\/blogs.correiobraziliense.com.br\/servidor\/wp-json\/wp\/v2\/tags?post=7504"}],"curies":[{"name":"wp","href":"https:\/\/api.w.org\/{rel}","templated":true}]}}