{"id":7500,"date":"2017-11-22T12:09:54","date_gmt":"2017-11-22T14:09:54","guid":{"rendered":"https:\/\/blogs.correiobraziliense.com.br\/servidor\/?p=7500"},"modified":"2017-11-22T12:09:54","modified_gmt":"2017-11-22T14:09:54","slug":"amb-vai-ao-stf-contra-imunidade-para-deputados-estaduais","status":"publish","type":"post","link":"https:\/\/blogs.correiobraziliense.com.br\/servidor\/amb-vai-ao-stf-contra-imunidade-para-deputados-estaduais\/","title":{"rendered":"AMB vai ao STF contra imunidade para deputados estaduais"},"content":{"rendered":"<p>A Associa\u00e7\u00e3o dos Magistrados Brasileiros (AMB) protocolou, ontem, tr\u00eas a\u00e7\u00f5es diretas de inconstitucionalidade, no Supremo Tribunal Federal (STF), todas com pedido de medida cautelar, contra dispositivos das Constitui\u00e7\u00f5es Estaduais do Rio de Janeiro, Rio Grande do Norte e Mato Grosso que estende aos deputados estaduais as mesmas imunidades que a Constitui\u00e7\u00e3o Federal confere aos deputados federais e senadores da Rep\u00fablica.<\/p>\n<p>\u201cAs imunidades formais dos deputados federais n\u00e3o podem ser estendidas aos deputados estaduais para violar o princ\u00edpio da separa\u00e7\u00e3o de poderes\u201d, aponta um dos fundamentos elencados pela AMB na ADI.<\/p>\n<p>No entendimento da AMB, a interpreta\u00e7\u00e3o jurisprudencial utilizada pelos legislativos locais para dar imunidade aos parlamentares estaduais n\u00e3o se justifica, a despeito de o \u00a7 1\u00ba do art. 27 da Constitui\u00e7\u00e3o Federal determinar a observ\u00e2ncia das garantias dos deputados federais aos deputados estaduais.<\/p>\n<p>Foi com base nos dispositivos das Constitui\u00e7\u00f5es Estaduais que as assembleias invocaram o julgamento da ADI 5526, para rejeitar as ordens cautelares de pris\u00e3o ou alternativas impostas pelo Poder Judici\u00e1rio aos deputados estaduais.<\/p>\n<p>Entretanto, conforme a decis\u00e3o daquela Corte, no caso de medida que dificulte ou impe\u00e7a o exerc\u00edcio do mandato, a decis\u00e3o deve seguir para aprecia\u00e7\u00e3o do plen\u00e1rio da Casa Legislativa, de acordo com o preconizado no artigo 53 da Constitui\u00e7\u00e3o Federal.<\/p>\n<p>A AMB sustenta que os par\u00e1grafos 2\u00ba ao 5\u00ba do art. 53 da Constitui\u00e7\u00e3o Federal devem ser considerados de reprodu\u00e7\u00e3o proibida nas Constitui\u00e7\u00f5es Estaduais, porque o STF somente afastou a possibilidade de deputados e senadores serem submetidos \u00e0s medidas cautelares previstas no art. 319 do C\u00f3digo de Processo Penal (CPP), tendo em vista a necessidade de \u201cassegurar o equil\u00edbrio de um Governo Republicano e Democr\u00e1tico\u201d. Ocorre que \u201cesse fundamento n\u00e3o se faz presente para os deputados estaduais, uma vez que os princ\u00edpios republicano e democr\u00e1tico jamais ser\u00e3o afetados, diante da eventual ordem de pris\u00e3o ou do recebimento de den\u00fancia contra deputado estadual\u201d.<\/p>\n<p>Para a AMB, os deputados estaduais poder\u00e3o recorrer das decis\u00f5es constritivas de direito perante o pr\u00f3prio Poder Judici\u00e1rio, o que n\u00e3o ocorre com os deputados federais e senadores da Rep\u00fablica, j\u00e1 que estes s\u00e3o processados na inst\u00e2ncia \u00fanica do STF.<\/p>\n","protected":false},"excerpt":{"rendered":"<p>A Associa\u00e7\u00e3o dos Magistrados Brasileiros (AMB) protocolou, ontem, tr\u00eas a\u00e7\u00f5es diretas de inconstitucionalidade, no Supremo Tribunal Federal (STF), todas com pedido de medida cautelar, contra dispositivos das Constitui\u00e7\u00f5es Estaduais do Rio de Janeiro, Rio Grande do Norte e Mato Grosso que estende aos deputados estaduais as mesmas imunidades que a Constitui\u00e7\u00e3o Federal confere aos deputados federais e senadores da Rep\u00fablica. [&hellip;]<\/p>\n","protected":false},"author":27,"featured_media":0,"comment_status":"open","ping_status":"closed","sticky":false,"template":"","format":"standard","meta":{"footnotes":""},"categories":[2719],"tags":[5516,9918,1409,7409,2880,2628,9915,1298,1689,59,7548,3816,9034,1137,3839,1038,39,9917,34,9916],"class_list":["post-7500","post","type-post","status-publish","format-standard","hentry","category-servidor","tag-adi","tag-alterantivas","tag-amb","tag-cautelar","tag-cautelares","tag-constituicao-federal","tag-constituicoes-estaduais","tag-deputados","tag-estaduais","tag-federais","tag-imunidade","tag-medida","tag-ordens","tag-poder-judiciario","tag-poderes","tag-prisao","tag-senadores","tag-serparacao","tag-stf","tag-vilar"],"_links":{"self":[{"href":"https:\/\/blogs.correiobraziliense.com.br\/servidor\/wp-json\/wp\/v2\/posts\/7500","targetHints":{"allow":["GET"]}}],"collection":[{"href":"https:\/\/blogs.correiobraziliense.com.br\/servidor\/wp-json\/wp\/v2\/posts"}],"about":[{"href":"https:\/\/blogs.correiobraziliense.com.br\/servidor\/wp-json\/wp\/v2\/types\/post"}],"author":[{"embeddable":true,"href":"https:\/\/blogs.correiobraziliense.com.br\/servidor\/wp-json\/wp\/v2\/users\/27"}],"replies":[{"embeddable":true,"href":"https:\/\/blogs.correiobraziliense.com.br\/servidor\/wp-json\/wp\/v2\/comments?post=7500"}],"version-history":[{"count":1,"href":"https:\/\/blogs.correiobraziliense.com.br\/servidor\/wp-json\/wp\/v2\/posts\/7500\/revisions"}],"predecessor-version":[{"id":7501,"href":"https:\/\/blogs.correiobraziliense.com.br\/servidor\/wp-json\/wp\/v2\/posts\/7500\/revisions\/7501"}],"wp:attachment":[{"href":"https:\/\/blogs.correiobraziliense.com.br\/servidor\/wp-json\/wp\/v2\/media?parent=7500"}],"wp:term":[{"taxonomy":"category","embeddable":true,"href":"https:\/\/blogs.correiobraziliense.com.br\/servidor\/wp-json\/wp\/v2\/categories?post=7500"},{"taxonomy":"post_tag","embeddable":true,"href":"https:\/\/blogs.correiobraziliense.com.br\/servidor\/wp-json\/wp\/v2\/tags?post=7500"}],"curies":[{"name":"wp","href":"https:\/\/api.w.org\/{rel}","templated":true}]}}