{"id":7481,"date":"2017-11-21T18:12:47","date_gmt":"2017-11-21T20:12:47","guid":{"rendered":"https:\/\/blogs.correiobraziliense.com.br\/servidor\/?p=7481"},"modified":"2017-11-21T18:12:55","modified_gmt":"2017-11-21T20:12:55","slug":"ministerio-do-trabalho-informa-o-passo-passo-para-fazer-carteira-de-trabalho-digital","status":"publish","type":"post","link":"https:\/\/blogs.correiobraziliense.com.br\/servidor\/ministerio-do-trabalho-informa-o-passo-passo-para-fazer-carteira-de-trabalho-digital\/","title":{"rendered":"Minist\u00e9rio do Trabalho informa o passo a passo para fazer a Carteira de Trabalho Digital"},"content":{"rendered":"<p><em>Aplicativo poder\u00e1 ser acessado por qualquer smartphone. A partir de 21 de novembro, o trabalhador brasileiro poder\u00e1 ter as informa\u00e7\u00f5es de Qualifica\u00e7\u00e3o Civil e de Contratos de Trabalho que hoje constam na Carteira de Trabalho em um aplicativo m\u00f3bile, desenvolvido a partir de uma parceria entre o Minist\u00e9rio do Trabalho e a Dataprev. A Carteira de Trabalho Digital poder\u00e1 ser baixada em qualquer smartphone com sistema operacional Android ou IOS e funcionar\u00e1 como uma extens\u00e3o do documento f\u00edsico.<\/em><\/p>\n<p>O objetivo \u00e9 facilitar a vida dos trabalhadores que ter\u00e3o o documento \u00e0 m\u00e3o sempre que precisarem fazer uma consulta. Todas as experi\u00eancias profissionais formais, as atuais e tamb\u00e9m as anteriores, estar\u00e3o no aplicativo.<\/p>\n<p>Tamb\u00e9m ser\u00e1 poss\u00edvel, por essa mesma ferramenta, solicitar a primeira e a segunda via da carteira de trabalho f\u00edsica.<\/p>\n<p>A caderneta da Carteira de Trabalho f\u00edsica continuar\u00e1 existindo e sendo o documento oficial do trabalhador.<\/p>\n<p><strong>Como baixar<\/strong><\/p>\n<ul>\n<li>Para ter o documento digital, com todas as informa\u00e7\u00f5es acess\u00edveis no telefone, o trabalhador deve entrar na loja de aplicativos do telefone e procurar por \u201cCarteira de Trabalho Digital\u201d e baixar a ferramenta.<\/li>\n<\/ul>\n<p><a href=\"https:\/\/blogs.correiobraziliense.com.br\/servidor\/ministerio-do-trabalho-informa-o-passo-passo-para-fazer-carteira-de-trabalho-digital\/a1\/\" rel=\"attachment wp-att-7482\"><img loading=\"lazy\" decoding=\"async\" class=\"size-full wp-image-7482 aligncenter\" src=\"https:\/\/blogs.correiobraziliense.com.br\/servidor\/wp-content\/uploads\/sites\/10\/2017\/11\/a1.png\" alt=\"a1\" width=\"132\" height=\"235\" \/><\/a><\/p>\n<ul>\n<li>A pr\u00f3xima tela s\u00e3o os informes:<\/li>\n<\/ul>\n<p><a href=\"https:\/\/blogs.correiobraziliense.com.br\/servidor\/ministerio-do-trabalho-informa-o-passo-passo-para-fazer-carteira-de-trabalho-digital\/a2\/\" rel=\"attachment wp-att-7483\"><img loading=\"lazy\" decoding=\"async\" class=\"size-full wp-image-7483 aligncenter\" src=\"https:\/\/blogs.correiobraziliense.com.br\/servidor\/wp-content\/uploads\/sites\/10\/2017\/11\/a2.jpg\" alt=\"a2\" width=\"132\" height=\"237\" \/><\/a><\/p>\n<ul>\n<li>Em seguida, ir\u00e1 aparecer uma tela com quatro op\u00e7\u00f5es (Entrar, Solicitar 1\u00aa via, Solicitar 2\u00aa via, Perguntas Frequentes).<\/li>\n<\/ul>\n<p>Quem tiver a senha cadastrada no cidad\u00e3o.br e Sine F\u00e1cil, precisar\u00e1 apenas colocar essa senha (ser\u00e1\u00a0 mesma senha para os dois aplicativos). Neste caso, basta clicar em \u201cEntrar\u201d:<\/p>\n<p><a href=\"https:\/\/blogs.correiobraziliense.com.br\/servidor\/ministerio-do-trabalho-informa-o-passo-passo-para-fazer-carteira-de-trabalho-digital\/a3\/\" rel=\"attachment wp-att-7484\"><img loading=\"lazy\" decoding=\"async\" class=\"size-full wp-image-7484 aligncenter\" src=\"https:\/\/blogs.correiobraziliense.com.br\/servidor\/wp-content\/uploads\/sites\/10\/2017\/11\/a3.png\" alt=\"a3\" width=\"134\" height=\"237\" \/><\/a><\/p>\n<ul>\n<li>Ser\u00e1 necess\u00e1rio ler a pol\u00edtica de privacidade, concordar e aceitar.<\/li>\n<\/ul>\n<p><a href=\"https:\/\/blogs.correiobraziliense.com.br\/servidor\/ministerio-do-trabalho-informa-o-passo-passo-para-fazer-carteira-de-trabalho-digital\/a4\/\" rel=\"attachment wp-att-7485\"><img loading=\"lazy\" decoding=\"async\" class=\"size-full wp-image-7485 aligncenter\" src=\"https:\/\/blogs.correiobraziliense.com.br\/servidor\/wp-content\/uploads\/sites\/10\/2017\/11\/a4.png\" alt=\"a4\" width=\"134\" height=\"237\" \/><\/a><\/p>\n<ul>\n<li>Em seguida, ser\u00e1 necess\u00e1rio digitar o CPF, a senha e clicar novamente em \u201cEntrar\u201d.<\/li>\n<\/ul>\n<p><a href=\"https:\/\/blogs.correiobraziliense.com.br\/servidor\/ministerio-do-trabalho-informa-o-passo-passo-para-fazer-carteira-de-trabalho-digital\/a5\/\" rel=\"attachment wp-att-7486\"><img loading=\"lazy\" decoding=\"async\" class=\"size-full wp-image-7486 aligncenter\" src=\"https:\/\/blogs.correiobraziliense.com.br\/servidor\/wp-content\/uploads\/sites\/10\/2017\/11\/a5.png\" alt=\"a5\" width=\"134\" height=\"237\" \/><\/a><\/p>\n<p>&nbsp;<\/p>\n<ul>\n<li>Quem n\u00e3o tiver senha ainda, precisar\u00e1 criar uma, clicando em \u201cPrimeiro Acesso no cidad\u00e3o.br\u201d ou em \u201cCadastre-se\u201d.<\/li>\n<\/ul>\n<p><a href=\"https:\/\/blogs.correiobraziliense.com.br\/servidor\/ministerio-do-trabalho-informa-o-passo-passo-para-fazer-carteira-de-trabalho-digital\/a6\/\" rel=\"attachment wp-att-7487\"><img loading=\"lazy\" decoding=\"async\" class=\"size-full wp-image-7487 aligncenter\" src=\"https:\/\/blogs.correiobraziliense.com.br\/servidor\/wp-content\/uploads\/sites\/10\/2017\/11\/a6.png\" alt=\"a6\" width=\"134\" height=\"237\" \/><\/a><\/p>\n<p>Ser\u00e1 necess\u00e1rio informar dados pessoais (CPF, nome, data de nascimento, nome da m\u00e3e, estado de nascimento (se for nascido no exterior, a op\u00e7\u00e3o ser\u00e1 \u201cN\u00e3o sou brasileiro\u201d). Essas informa\u00e7\u00f5es ser\u00e3o validadas no Cadastro Nacional de Informa\u00e7\u00f5es Sociais (Cnis). Caso estejam corretas, o trabalhador ser\u00e1 direcionado a responder um question\u00e1rio com cinco perguntas sobre seu hist\u00f3rico laboral. Por isso, \u00e9 importante ter em m\u00e3os a Carteira de Trabalho f\u00edsica ao tentar instalar o aplicativo mobile. \u00c9 preciso acertar pelo menos quatro das cinco perguntas. Em seguida, o trabalhador receber\u00e1 uma senha provis\u00f3ria que dever\u00e1 ser trocada no primeiro acesso.<\/p>\n<p>Caso o usu\u00e1rio n\u00e3o consiga acertar as respostas, ter\u00e1 de aguardar 24 horas para uma nova tentativa ou entrar em contato com a central 135 do INSS para aux\u00edlio.<\/p>\n<p><a href=\"https:\/\/blogs.correiobraziliense.com.br\/servidor\/ministerio-do-trabalho-informa-o-passo-passo-para-fazer-carteira-de-trabalho-digital\/a7\/\" rel=\"attachment wp-att-7488\"><img loading=\"lazy\" decoding=\"async\" class=\"size-medium wp-image-7488 aligncenter\" src=\"https:\/\/blogs.correiobraziliense.com.br\/servidor\/wp-content\/uploads\/sites\/10\/2017\/11\/a7-122x300.png\" alt=\"a7\" width=\"122\" height=\"300\" srcset=\"https:\/\/blogs.correiobraziliense.com.br\/servidor\/wp-content\/uploads\/sites\/10\/2017\/11\/a7-122x300.png 122w, https:\/\/blogs.correiobraziliense.com.br\/servidor\/wp-content\/uploads\/sites\/10\/2017\/11\/a7.png 134w\" sizes=\"auto, (max-width: 122px) 100vw, 122px\" \/><\/a><\/p>\n<p>&nbsp;<\/p>\n<p>&nbsp;<\/p>\n<ul>\n<li>Pelo aplicativo da Carteira de Trabalho Digital, \u00e9 poss\u00edvel tamb\u00e9m solicitar a 1\u00aa e a 2\u00aa via da carteira de Trabalho. As op\u00e7\u00f5es aparecem na terceira tela que se abre assim que o aplicativo \u00e9 instalado. Nesse caso n\u00e3o \u00e9 necess\u00e1rio passar pela autentica\u00e7\u00e3o. Basta clicar na op\u00e7\u00e3o desejada, preencher o formul\u00e1rio de pr\u00e9-cadastro v\u00e1lido por 30 dias, e comparecer a um posto de atendimento para validar as informa\u00e7\u00f5es e formalizar o pedido do documento.<\/li>\n<\/ul>\n<p><a href=\"https:\/\/blogs.correiobraziliense.com.br\/servidor\/ministerio-do-trabalho-informa-o-passo-passo-para-fazer-carteira-de-trabalho-digital\/a8\/\" rel=\"attachment wp-att-7489\"><img loading=\"lazy\" decoding=\"async\" class=\"size-full wp-image-7489 aligncenter\" src=\"https:\/\/blogs.correiobraziliense.com.br\/servidor\/wp-content\/uploads\/sites\/10\/2017\/11\/a8.png\" alt=\"a8\" width=\"132\" height=\"235\" \/><\/a><\/p>\n<p>&nbsp;<\/p>\n<p>Algumas unidades de atendimento de emiss\u00e3o de CTPS requerem agendamento pr\u00e9vio. Para verificar se o posto de sua prefer\u00eancia tem essa obrigatoriedade o trabalhador pode entrar no link <a href=\"http:\/\/trabalho.gov.br\/rede-de-atendimento\">http:\/\/trabalho.gov.br\/rede-de-atendimento<\/a>.<\/p>\n<p>&nbsp;<\/p>\n<p>Essa solicita\u00e7\u00e3o tamb\u00e9m pode ser feita pela internet, caso o trabalhador n\u00e3o queira baixar o aplicativo. O endere\u00e7o \u00e9 o <a href=\"https:\/\/precadastroctps.trabalho.gov.br\">https:\/\/precadastroctps.trabalho.gov.br<\/a>.<\/p>\n<p>&nbsp;<\/p>\n","protected":false},"excerpt":{"rendered":"<p>Aplicativo poder\u00e1 ser acessado por qualquer smartphone. A partir de 21 de novembro, o trabalhador brasileiro poder\u00e1 ter as informa\u00e7\u00f5es de Qualifica\u00e7\u00e3o Civil e de Contratos de Trabalho que hoje constam na Carteira de Trabalho em um aplicativo m\u00f3bile, desenvolvido a partir de uma parceria entre o Minist\u00e9rio do Trabalho e a Dataprev. A Carteira de Trabalho Digital poder\u00e1 ser [&hellip;]<\/p>\n","protected":false},"author":27,"featured_media":0,"comment_status":"open","ping_status":"closed","sticky":false,"template":"","format":"standard","meta":{"footnotes":""},"categories":[2719],"tags":[6461,2194,9881,1319,1422,250,8105,804,9884,1420,6460,2841,9883,94,7137,9882,1075,3793,961,2172,3088],"class_list":["post-7481","post","type-post","status-publish","format-standard","hentry","category-servidor","tag-android","tag-aplicativo","tag-carteira-de-trabalho-digital","tag-civil","tag-consulta","tag-contratos","tag-dataprev","tag-documento","tag-esperiencia","tag-ferramenta","tag-ios","tag-ministerio-do-trabalho","tag-mobile","tag-oficial","tag-operacional","tag-passo-a-passo","tag-profissionais","tag-qualificacao","tag-sistema","tag-smartphone","tag-trabalhador"],"_links":{"self":[{"href":"https:\/\/blogs.correiobraziliense.com.br\/servidor\/wp-json\/wp\/v2\/posts\/7481","targetHints":{"allow":["GET"]}}],"collection":[{"href":"https:\/\/blogs.correiobraziliense.com.br\/servidor\/wp-json\/wp\/v2\/posts"}],"about":[{"href":"https:\/\/blogs.correiobraziliense.com.br\/servidor\/wp-json\/wp\/v2\/types\/post"}],"author":[{"embeddable":true,"href":"https:\/\/blogs.correiobraziliense.com.br\/servidor\/wp-json\/wp\/v2\/users\/27"}],"replies":[{"embeddable":true,"href":"https:\/\/blogs.correiobraziliense.com.br\/servidor\/wp-json\/wp\/v2\/comments?post=7481"}],"version-history":[{"count":2,"href":"https:\/\/blogs.correiobraziliense.com.br\/servidor\/wp-json\/wp\/v2\/posts\/7481\/revisions"}],"predecessor-version":[{"id":7491,"href":"https:\/\/blogs.correiobraziliense.com.br\/servidor\/wp-json\/wp\/v2\/posts\/7481\/revisions\/7491"}],"wp:attachment":[{"href":"https:\/\/blogs.correiobraziliense.com.br\/servidor\/wp-json\/wp\/v2\/media?parent=7481"}],"wp:term":[{"taxonomy":"category","embeddable":true,"href":"https:\/\/blogs.correiobraziliense.com.br\/servidor\/wp-json\/wp\/v2\/categories?post=7481"},{"taxonomy":"post_tag","embeddable":true,"href":"https:\/\/blogs.correiobraziliense.com.br\/servidor\/wp-json\/wp\/v2\/tags?post=7481"}],"curies":[{"name":"wp","href":"https:\/\/api.w.org\/{rel}","templated":true}]}}