{"id":7464,"date":"2017-11-20T15:09:03","date_gmt":"2017-11-20T17:09:03","guid":{"rendered":"https:\/\/blogs.correiobraziliense.com.br\/servidor\/?p=7464"},"modified":"2017-11-20T15:09:03","modified_gmt":"2017-11-20T17:09:03","slug":"fenaert-workshop-sobre-reflexos-da-reforma-trabalhista-no-setor-de-radio-e-tv","status":"publish","type":"post","link":"https:\/\/blogs.correiobraziliense.com.br\/servidor\/fenaert-workshop-sobre-reflexos-da-reforma-trabalhista-no-setor-de-radio-e-tv\/","title":{"rendered":"Fenaert &#8211; workshop sobre reflexos da reforma trabalhista no setor de r\u00e1dio e TV"},"content":{"rendered":"<p><em>Evento que ocorre amanh\u00e3, dia 21 de novembro,\u00a0 em Bras\u00edlia, com representantes de sindicatos do segmento e discutir\u00e1 efeitos das altera\u00e7\u00f5es nas negocia\u00e7\u00f5es coletivas e contribui\u00e7\u00e3o sindical<\/em><\/p>\n<p>Representantes de sindicatos do setor de r\u00e1dio e TV estar\u00e3o reunidos em Bras\u00edlia, amanh\u00e3,<span id=\"OBJ_PREFIX_DWT3902_com_zimbra_date\"><span id=\"OBJ_PREFIX_DWT3907_com_zimbra_date\"><\/span><\/span> para discutir os impactos das altera\u00e7\u00f5es na legisla\u00e7\u00e3o trabalhista para o segmento. O workshop \u201cReforma Trabalhista e seus reflexos nas negocia\u00e7\u00f5es sindicais\u201d, promovido pela Federa\u00e7\u00e3o Nacional das Empresas de R\u00e1dio e TV (Fenaert), ser\u00e1 na sede da entidade, no SAF Sul, Quadra 2, Lote 4, Bloco D, sala 101, das 9h45 \u00e0s 17h30.<\/p>\n<p>Entre os principais temas a serem discutidos est\u00e1 a mudan\u00e7a relacionada \u00e0 contribui\u00e7\u00e3o sindical e uma an\u00e1lise das negocia\u00e7\u00f5es coletivas e dos efeitos da s\u00famula 277 do Tribunal Superior do Trabalho. Para o presidente da Fenaert, Guliver Le\u00e3o, o encontro \u00e9 de suma import\u00e2ncia para que as empresas e sindicatos do setor estejam preparadas para as mudan\u00e7as e se adaptar \u00e0 realidade jur\u00eddica que a nova legisla\u00e7\u00e3o imp\u00f5e.<\/p>\n","protected":false},"excerpt":{"rendered":"<p>Evento que ocorre amanh\u00e3, dia 21 de novembro,\u00a0 em Bras\u00edlia, com representantes de sindicatos do segmento e discutir\u00e1 efeitos das altera\u00e7\u00f5es nas negocia\u00e7\u00f5es coletivas e contribui\u00e7\u00e3o sindical Representantes de sindicatos do setor de r\u00e1dio e TV estar\u00e3o reunidos em Bras\u00edlia, amanh\u00e3, para discutir os impactos das altera\u00e7\u00f5es na legisla\u00e7\u00e3o trabalhista para o segmento. O workshop \u201cReforma Trabalhista e seus reflexos [&hellip;]<\/p>\n","protected":false},"author":27,"featured_media":0,"comment_status":"open","ping_status":"closed","sticky":false,"template":"","format":"standard","meta":{"footnotes":""},"categories":[2719],"tags":[7596,131,9856,2890,2092,894,9857,569,4265,9253,570,4319,3801,34,9858,6559,7537],"class_list":["post-7464","post","type-post","status-publish","format-standard","hentry","category-servidor","tag-coletivas","tag-contribuicao","tag-fenaert","tag-juridica","tag-legislacao","tag-negociacoes","tag-radio","tag-realidade","tag-reflexos","tag-reforma-trabalhista","tag-setor","tag-sindical","tag-sindicatos","tag-stf","tag-sumula-277","tag-tv","tag-workshop"],"_links":{"self":[{"href":"https:\/\/blogs.correiobraziliense.com.br\/servidor\/wp-json\/wp\/v2\/posts\/7464","targetHints":{"allow":["GET"]}}],"collection":[{"href":"https:\/\/blogs.correiobraziliense.com.br\/servidor\/wp-json\/wp\/v2\/posts"}],"about":[{"href":"https:\/\/blogs.correiobraziliense.com.br\/servidor\/wp-json\/wp\/v2\/types\/post"}],"author":[{"embeddable":true,"href":"https:\/\/blogs.correiobraziliense.com.br\/servidor\/wp-json\/wp\/v2\/users\/27"}],"replies":[{"embeddable":true,"href":"https:\/\/blogs.correiobraziliense.com.br\/servidor\/wp-json\/wp\/v2\/comments?post=7464"}],"version-history":[{"count":1,"href":"https:\/\/blogs.correiobraziliense.com.br\/servidor\/wp-json\/wp\/v2\/posts\/7464\/revisions"}],"predecessor-version":[{"id":7465,"href":"https:\/\/blogs.correiobraziliense.com.br\/servidor\/wp-json\/wp\/v2\/posts\/7464\/revisions\/7465"}],"wp:attachment":[{"href":"https:\/\/blogs.correiobraziliense.com.br\/servidor\/wp-json\/wp\/v2\/media?parent=7464"}],"wp:term":[{"taxonomy":"category","embeddable":true,"href":"https:\/\/blogs.correiobraziliense.com.br\/servidor\/wp-json\/wp\/v2\/categories?post=7464"},{"taxonomy":"post_tag","embeddable":true,"href":"https:\/\/blogs.correiobraziliense.com.br\/servidor\/wp-json\/wp\/v2\/tags?post=7464"}],"curies":[{"name":"wp","href":"https:\/\/api.w.org\/{rel}","templated":true}]}}