{"id":7456,"date":"2017-11-20T13:32:16","date_gmt":"2017-11-20T15:32:16","guid":{"rendered":"https:\/\/blogs.correiobraziliense.com.br\/servidor\/?p=7456"},"modified":"2017-11-20T13:32:16","modified_gmt":"2017-11-20T15:32:16","slug":"situacao-financeira-das-universidades-federais-e-tema-de-debate-na-camara-dos-deputados","status":"publish","type":"post","link":"https:\/\/blogs.correiobraziliense.com.br\/servidor\/situacao-financeira-das-universidades-federais-e-tema-de-debate-na-camara-dos-deputados\/","title":{"rendered":"Situa\u00e7\u00e3o financeira das Universidades Federais \u00e9 tema de debate na C\u00e2mara dos Deputados"},"content":{"rendered":"<p><em>Amanh\u00e3 (21), a Comiss\u00e3o Geral, na C\u00e2mara dos Deputados, vai debater, em n\u00edvel nacional, os cortes nos or\u00e7amentos das Universidades Federais e da Ci\u00eancia e Tecnologia.<\/em><\/p>\n<p>De acordo com o presidente da Associa\u00e7\u00e3o Nacional dos Dirigentes das Institui\u00e7\u00f5es Federais de Ensino Superior (Andifes), Emmanuel Zagury Tourinho, o objetivo \u00e9 defender as condi\u00e7\u00f5es de funcionamento das universidades p\u00fablicas federais. \u201cRessaltamos o relevante papel cumprido pelas universidades p\u00fablicas federais em sua miss\u00e3o social, acad\u00eamica e cient\u00edfica, que, a despeito das adversidades, mant\u00eam-se como refer\u00eancia no pa\u00eds, na Am\u00e9rica Latina e no mundo. Debates como esse refor\u00e7am nossa busca pelo reequil\u00edbrio or\u00e7ament\u00e1rio e financeiro das universidades e a recomposi\u00e7\u00e3o de seus or\u00e7amentos. \u201d<\/p>\n<p>Segundo a presidente da Frente Parlamentar em Defesa das Universidades Federais, deputada Margarida Salom\u00e3o (PT-MG), o debate vai alertar os parlamentares sobre a import\u00e2ncia de destinarem emendas para a \u00e1rea. \u201cN\u00f3s devemos colocar for\u00e7a no encaminhamento de emendas impositivas, as emendas tem\u00e1ticas das comiss\u00f5es, para suplementar o valor destinado \u00e0 educa\u00e7\u00e3o, que, no total do or\u00e7amento, \u00e9 ridiculamente pequeno\u201d, declarou.<\/p>\n<p>Al\u00e9m de Emmanuel Tourinho, foram convidados o presidente da Sociedade Brasileira para o Progresso da Ci\u00eancia (SBPC), Ildeu de Castro Moreira; o presidente da Academia Brasileira de Ci\u00eancias (ABC), Luiz Davidovich; a reitora da Universidade de Bras\u00edlia (UnB), M\u00e1rcia Abrah\u00e3o Moura; o reitor do Instituto Federal do Maranh\u00e3o (IFMA), Francisco Brand\u00e3o Ferreira; o professor da Universidade de Bras\u00edlia, Raimundo Luiz Silva Ara\u00fajo; a reitora da Funda\u00e7\u00e3o Centro Universit\u00e1rio Estadual da Zona Oeste (UEZO), Maria Cristina de Assis; o representante da Universidade de Castelo Branco (UCB), Armando Leite Ferreira; a presidente da Uni\u00e3o Nacional dos Estudantes (UNE), Mariana Dias; e a presidente da Associa\u00e7\u00e3o Nacional de P\u00f3s-Graduandos (ANPG), Tamara Naiz.<\/p>\n<p><strong>Servi\u00e7o:<\/strong><\/p>\n<p><strong>Data:<\/strong> 21 de novembro de 2017<br \/>\n<strong>Hor\u00e1rio:<\/strong> 10h<br \/>\n<strong>Local:<\/strong> Plen\u00e1rio da C\u00e2mara dos Deputados<\/p>\n","protected":false},"excerpt":{"rendered":"<p>Amanh\u00e3 (21), a Comiss\u00e3o Geral, na C\u00e2mara dos Deputados, vai debater, em n\u00edvel nacional, os cortes nos or\u00e7amentos das Universidades Federais e da Ci\u00eancia e Tecnologia. De acordo com o presidente da Associa\u00e7\u00e3o Nacional dos Dirigentes das Institui\u00e7\u00f5es Federais de Ensino Superior (Andifes), Emmanuel Zagury Tourinho, o objetivo \u00e9 defender as condi\u00e7\u00f5es de funcionamento das universidades p\u00fablicas federais. \u201cRessaltamos o [&hellip;]<\/p>\n","protected":false},"author":27,"featured_media":0,"comment_status":"open","ping_status":"closed","sticky":false,"template":"","format":"standard","meta":{"footnotes":""},"categories":[2719],"tags":[7813,730,350,6166,9844,61,9838,258,847,2402,59,1807,1304,9841,9839,1678,3213,3731,268,3958,8377,7812,546,2103,4504,9840,5852,9842,420,9843,6012],"class_list":["post-7456","post","type-post","status-publish","format-standard","hentry","category-servidor","tag-abc","tag-academica","tag-alertar","tag-andifes","tag-anpg","tag-camara","tag-cientifica","tag-corte","tag-debate","tag-emendas","tag-federais","tag-financeira","tag-frente-parlamentar","tag-ifma","tag-impsitivas","tag-missao","tag-orcamentario","tag-orcamentos","tag-parlamentares","tag-reequilibrio","tag-referencia","tag-sbpc","tag-situacao","tag-social","tag-tecnologia","tag-tematicas","tag-ucb","tag-uezo","tag-unb","tag-une","tag-universidades"],"_links":{"self":[{"href":"https:\/\/blogs.correiobraziliense.com.br\/servidor\/wp-json\/wp\/v2\/posts\/7456","targetHints":{"allow":["GET"]}}],"collection":[{"href":"https:\/\/blogs.correiobraziliense.com.br\/servidor\/wp-json\/wp\/v2\/posts"}],"about":[{"href":"https:\/\/blogs.correiobraziliense.com.br\/servidor\/wp-json\/wp\/v2\/types\/post"}],"author":[{"embeddable":true,"href":"https:\/\/blogs.correiobraziliense.com.br\/servidor\/wp-json\/wp\/v2\/users\/27"}],"replies":[{"embeddable":true,"href":"https:\/\/blogs.correiobraziliense.com.br\/servidor\/wp-json\/wp\/v2\/comments?post=7456"}],"version-history":[{"count":1,"href":"https:\/\/blogs.correiobraziliense.com.br\/servidor\/wp-json\/wp\/v2\/posts\/7456\/revisions"}],"predecessor-version":[{"id":7457,"href":"https:\/\/blogs.correiobraziliense.com.br\/servidor\/wp-json\/wp\/v2\/posts\/7456\/revisions\/7457"}],"wp:attachment":[{"href":"https:\/\/blogs.correiobraziliense.com.br\/servidor\/wp-json\/wp\/v2\/media?parent=7456"}],"wp:term":[{"taxonomy":"category","embeddable":true,"href":"https:\/\/blogs.correiobraziliense.com.br\/servidor\/wp-json\/wp\/v2\/categories?post=7456"},{"taxonomy":"post_tag","embeddable":true,"href":"https:\/\/blogs.correiobraziliense.com.br\/servidor\/wp-json\/wp\/v2\/tags?post=7456"}],"curies":[{"name":"wp","href":"https:\/\/api.w.org\/{rel}","templated":true}]}}