{"id":7450,"date":"2017-11-20T10:13:57","date_gmt":"2017-11-20T12:13:57","guid":{"rendered":"https:\/\/blogs.correiobraziliense.com.br\/servidor\/?p=7450"},"modified":"2017-11-20T10:13:57","modified_gmt":"2017-11-20T12:13:57","slug":"fenapef-1o-congresso-de-jornalismo-e-seguranca-publica","status":"publish","type":"post","link":"https:\/\/blogs.correiobraziliense.com.br\/servidor\/fenapef-1o-congresso-de-jornalismo-e-seguranca-publica\/","title":{"rendered":"Fenapef &#8211; 1\u00ba Congresso de Jornalismo e Seguran\u00e7a P\u00fablica"},"content":{"rendered":"<p><em>Amanh\u00e3 (21), ser\u00e1 dada a largada do 1\u00ba Congresso de Jornalismo e Seguran\u00e7a P\u00fablica, com a participa\u00e7\u00e3o de policiais federais, especialistas do setor, jornalistas, pesquisadores, juristas e estudantes.<\/em><\/p>\n<p>O Brasil vive uma das maiores crises de seguran\u00e7a p\u00fablica de sua hist\u00f3ria. Os \u00edndices de criminalidade continuam crescendo enquanto o setor \u00e9 negligenciado pelo poder p\u00fablico. Ciente de seu papel como entidade que representa 15 mil policiais federais, a Federa\u00e7\u00e3o Nacional dos Policiais Federais (Fenapef) e o Sindicato dos Policiais Federais no Distrito Federal (Sindipol\/DF) realizam o 1\u00ba Congresso de Jornalismo e Seguran\u00e7a P\u00fablica nos dias 21 e 22 de novembro, em Bras\u00edlia (DF). O evento vai reunir policiais, demais profissionais de seguran\u00e7a p\u00fablica, especialistas do setor, jornalistas e estudantes para discutir o tema e debater solu\u00e7\u00f5es.<\/p>\n<div>\n<div>\n<div>\n<div>\n<p>Em 2015, no pa\u00eds ocorreram 58.467 mortes violentas intencionais, incluindo v\u00edtimas de homic\u00eddios dolosos, de latroc\u00ednio e les\u00f5es corporais seguidas de morte. A cada 9 minutos uma pessoa foi morta. Houve 45.460 estupros no per\u00edodo, ou 125 v\u00edtimas por dia, 358 policiais foram v\u00edtimas de hom\u00edcidio, entre outros dados alarmantes.<\/p>\n<\/div>\n<\/div>\n<\/div>\n<\/div>\n<p>As inscri\u00e7\u00f5es s\u00e3o gratuitas pelo endere\u00e7o www.fenapef.org.br\/congresso<\/p>\n","protected":false},"excerpt":{"rendered":"<p>Amanh\u00e3 (21), ser\u00e1 dada a largada do 1\u00ba Congresso de Jornalismo e Seguran\u00e7a P\u00fablica, com a participa\u00e7\u00e3o de policiais federais, especialistas do setor, jornalistas, pesquisadores, juristas e estudantes. O Brasil vive uma das maiores crises de seguran\u00e7a p\u00fablica de sua hist\u00f3ria. Os \u00edndices de criminalidade continuam crescendo enquanto o setor \u00e9 negligenciado pelo poder p\u00fablico. Ciente de seu papel como [&hellip;]<\/p>\n","protected":false},"author":27,"featured_media":0,"comment_status":"open","ping_status":"closed","sticky":false,"template":"","format":"standard","meta":{"footnotes":""},"categories":[2719],"tags":[9824,9825,366,382,1163,9826,59,107,7828,3579,9827,5039,7816,2216,110,1075,241,1114,1360],"class_list":["post-7450","post","type-post","status-publish","format-standard","hentry","category-servidor","tag-1o-congresso-de-jornalismo-e-seguranca-publica","tag-ciminalidade","tag-crise","tag-especialistas","tag-estudantes","tag-estupros","tag-federais","tag-fenapef","tag-jornalistas","tag-juristas","tag-latrocinios","tag-mortes","tag-pesquisadores","tag-poder","tag-policiais","tag-profissionais","tag-publico","tag-sindipoldf","tag-solucoes"],"_links":{"self":[{"href":"https:\/\/blogs.correiobraziliense.com.br\/servidor\/wp-json\/wp\/v2\/posts\/7450","targetHints":{"allow":["GET"]}}],"collection":[{"href":"https:\/\/blogs.correiobraziliense.com.br\/servidor\/wp-json\/wp\/v2\/posts"}],"about":[{"href":"https:\/\/blogs.correiobraziliense.com.br\/servidor\/wp-json\/wp\/v2\/types\/post"}],"author":[{"embeddable":true,"href":"https:\/\/blogs.correiobraziliense.com.br\/servidor\/wp-json\/wp\/v2\/users\/27"}],"replies":[{"embeddable":true,"href":"https:\/\/blogs.correiobraziliense.com.br\/servidor\/wp-json\/wp\/v2\/comments?post=7450"}],"version-history":[{"count":1,"href":"https:\/\/blogs.correiobraziliense.com.br\/servidor\/wp-json\/wp\/v2\/posts\/7450\/revisions"}],"predecessor-version":[{"id":7451,"href":"https:\/\/blogs.correiobraziliense.com.br\/servidor\/wp-json\/wp\/v2\/posts\/7450\/revisions\/7451"}],"wp:attachment":[{"href":"https:\/\/blogs.correiobraziliense.com.br\/servidor\/wp-json\/wp\/v2\/media?parent=7450"}],"wp:term":[{"taxonomy":"category","embeddable":true,"href":"https:\/\/blogs.correiobraziliense.com.br\/servidor\/wp-json\/wp\/v2\/categories?post=7450"},{"taxonomy":"post_tag","embeddable":true,"href":"https:\/\/blogs.correiobraziliense.com.br\/servidor\/wp-json\/wp\/v2\/tags?post=7450"}],"curies":[{"name":"wp","href":"https:\/\/api.w.org\/{rel}","templated":true}]}}